{"id":1003,"date":"2021-12-06T12:28:02","date_gmt":"2021-12-06T11:28:02","guid":{"rendered":"https:\/\/amamantra.com\/?p=1003"},"modified":"2021-12-09T10:08:23","modified_gmt":"2021-12-09T09:08:23","slug":"conservation-du-lait-maternel","status":"publish","type":"post","link":"https:\/\/amamantra.com\/conservation-du-lait-maternel\/","title":{"rendered":"Conservation de votre lait maternel"},"content":{"rendered":"\r\n\r\n\t\t\t\t<img loading=\"lazy\" decoding=\"async\" src=\"https:\/\/amamantra.com\/wp-content\/uploads\/2021\/12\/xlmsqxuq-300x194.jpg\" alt=\"xlmsq,x\u00f9q\" itemprop=\"image\" height=\"194\" width=\"300\" title=\"xlmsq,x\u00f9q\" onerror=\"this.style.display='none'\"  \/>\r\n\t<p>&nbsp;<\/p>\r\n<p><em>Comment conserver votre lait maternel ?<\/em><\/p>\r\n<p>Le lait peut \u00eatre conserver dans des contenants de verre, de plastique rigide ou bien de sacs de cong\u00e9lation con\u00e7us \u00e0 cet effet.<\/p>\r\n<p>&nbsp;<\/p>\r\n\t<p>Voici les d\u00e9lais de conservation du lait maternel :<\/p>\r\n<ul>\r\n<li>4 heures \u00e0 la temp\u00e9rature de la pi\u00e8ce<\/li>\r\n<li>8 jours au r\u00e9frig\u00e9rateur<\/li>\r\n<li>3 mois dans le compartiment surgel\u00e9 du r\u00e9frig\u00e9rateur<\/li>\r\n<li>6 mois dans un cong\u00e9lateur s\u00e9par\u00e9.<\/li>\r\n<\/ul>\r\n<p>NB : Les dur\u00e9es de conservation ne s&#8217;additionnent pas. Cela veut dire que vous ne pouvez pas laisser le lait 4 heures \u00e0 la temp\u00e9rature de la pi\u00e8ce, puis 8 jours au r\u00e9frig\u00e9rateur et enfin 6 mois au cong\u00e9lateur.<\/p>\r\n<p>TIPS :<\/p>\r\n<p>\ud83d\udca1 Il est pr\u00e9f\u00e9rable de congelez votre lait en petites quantit\u00e9s (de 30 ml \u00e0 90 ml), pour \u00e9viter le gaspillage lors de la d\u00e9cong\u00e9lation.<\/p>\r\n<p>Notez \u00e9galement sur le contenant la date \u00e0 laquelle le lait a \u00e9t\u00e9 tir\u00e9 afin d&#8217;utiliser le lait le plus vieux en premier.<\/p>\r\n<ul>\r\n<li>Le lait maternel peut \u00eatre d\u00e9congel\u00e9 au r\u00e9frig\u00e9rateur ou en plongeant le contenant dans un bol d&#8217;eau ti\u00e8de.<\/li>\r\n<li>Ne d\u00e9gelez jamais le lait maternel au four \u00e0 micro-onde. Une fois d\u00e9congel\u00e9, si le lait n&#8217;a pas \u00e9t\u00e9 chauff\u00e9, il se conserve 24 heures au r\u00e9frig\u00e9rateur et 1 heure \u00e0 la temp\u00e9rature de la pi\u00e8ce.<\/li>\r\n<li>Il ne doit pas \u00eatre recongel\u00e9.<\/li>\r\n<li>Le lait restant apr\u00e8s un biberon doit \u00eatre jet\u00e9.<\/li>\r\n<\/ul>\r\n<p>Source :\u00a0<a tabindex=\"0\" href=\"https:\/\/www.instagram.com\/lalecheleaguefrance\/\">@lalecheleaguefrance<\/a><\/p>\r\n\r\n","protected":false},"excerpt":{"rendered":"<p>&nbsp; Comment conserver votre lait maternel ? Le lait peut \u00eatre conserver dans des contenants de verre, de plastique rigide ou bien de sacs de cong\u00e9lation con\u00e7us \u00e0 cet effet. &nbsp; Voici les d\u00e9lais de conservation du lait maternel : 4 heures \u00e0 la temp\u00e9rature de la pi\u00e8ce 8 jours au r\u00e9frig\u00e9rateur 3 mois dans [&hellip;]<\/p>\n","protected":false},"author":2,"featured_media":1026,"comment_status":"open","ping_status":"open","sticky":false,"template":"","format":"standard","meta":{"_acf_changed":false,"inline_featured_image":false,"footnotes":""},"categories":[49],"tags":[],"acf":[],"yoast_head":"<!-- This site is optimized with the Yoast SEO plugin v22.4 - https:\/\/yoast.com\/wordpress\/plugins\/seo\/ -->\n<title>Conservation de votre lait maternel - Amamantra<\/title>\n<meta name=\"robots\" content=\"index, follow, max-snippet:-1, max-image-preview:large, max-video-preview:-1\" \/>\n<link rel=\"canonical\" href=\"https:\/\/amamantra.com\/conservation-du-lait-maternel\/\" \/>\n<meta property=\"og:locale\" content=\"fr_FR\" \/>\n<meta property=\"og:type\" content=\"article\" \/>\n<meta property=\"og:title\" content=\"Conservation de votre lait maternel - Amamantra\" \/>\n<meta property=\"og:description\" content=\"&nbsp; Comment conserver votre lait maternel ? Le lait peut \u00eatre conserver dans des contenants de verre, de plastique rigide ou bien de sacs de cong\u00e9lation con\u00e7us \u00e0 cet effet. &nbsp; Voici les d\u00e9lais de conservation du lait maternel : 4 heures \u00e0 la temp\u00e9rature de la pi\u00e8ce 8 jours au r\u00e9frig\u00e9rateur 3 mois dans [&hellip;]\" \/>\n<meta property=\"og:url\" content=\"https:\/\/amamantra.com\/conservation-du-lait-maternel\/\" \/>\n<meta property=\"og:site_name\" content=\"Amamantra\" \/>\n<meta property=\"article:published_time\" content=\"2021-12-06T11:28:02+00:00\" \/>\n<meta property=\"article:modified_time\" content=\"2021-12-09T09:08:23+00:00\" \/>\n<meta property=\"og:image\" content=\"https:\/\/amamantra.com\/wp-content\/uploads\/2021\/12\/unnamed-3.png\" \/>\n\t<meta property=\"og:image:width\" content=\"801\" \/>\n\t<meta property=\"og:image:height\" content=\"801\" \/>\n\t<meta property=\"og:image:type\" content=\"image\/png\" \/>\n<meta name=\"author\" content=\"Pauline Babilotte\" \/>\n<meta name=\"twitter:card\" content=\"summary_large_image\" \/>\n<meta name=\"twitter:label1\" content=\"\u00c9crit par\" \/>\n\t<meta name=\"twitter:data1\" content=\"Pauline Babilotte\" \/>\n\t<meta name=\"twitter:label2\" content=\"Dur\u00e9e de lecture estim\u00e9e\" \/>\n\t<meta name=\"twitter:data2\" content=\"1 minute\" \/>\n<script type=\"application\/ld+json\" class=\"yoast-schema-graph\">{\"@context\":\"https:\/\/schema.org\",\"@graph\":[{\"@type\":\"Article\",\"@id\":\"https:\/\/amamantra.com\/conservation-du-lait-maternel\/#article\",\"isPartOf\":{\"@id\":\"https:\/\/amamantra.com\/conservation-du-lait-maternel\/\"},\"author\":{\"name\":\"Pauline Babilotte\",\"@id\":\"https:\/\/amamantra.com\/#\/schema\/person\/40d04295eb7d3b8b374e72c4d498312e\"},\"headline\":\"Conservation de votre lait maternel\",\"datePublished\":\"2021-12-06T11:28:02+00:00\",\"dateModified\":\"2021-12-09T09:08:23+00:00\",\"mainEntityOfPage\":{\"@id\":\"https:\/\/amamantra.com\/conservation-du-lait-maternel\/\"},\"wordCount\":241,\"commentCount\":0,\"publisher\":{\"@id\":\"https:\/\/amamantra.com\/#organization\"},\"image\":{\"@id\":\"https:\/\/amamantra.com\/conservation-du-lait-maternel\/#primaryimage\"},\"thumbnailUrl\":\"https:\/\/amamantra.com\/wp-content\/uploads\/2021\/12\/unnamed-3.png\",\"articleSection\":[\"Allaitement\"],\"inLanguage\":\"fr-FR\",\"potentialAction\":[{\"@type\":\"CommentAction\",\"name\":\"Comment\",\"target\":[\"https:\/\/amamantra.com\/conservation-du-lait-maternel\/#respond\"]}]},{\"@type\":\"WebPage\",\"@id\":\"https:\/\/amamantra.com\/conservation-du-lait-maternel\/\",\"url\":\"https:\/\/amamantra.com\/conservation-du-lait-maternel\/\",\"name\":\"Conservation de votre lait maternel - Amamantra\",\"isPartOf\":{\"@id\":\"https:\/\/amamantra.com\/#website\"},\"primaryImageOfPage\":{\"@id\":\"https:\/\/amamantra.com\/conservation-du-lait-maternel\/#primaryimage\"},\"image\":{\"@id\":\"https:\/\/amamantra.com\/conservation-du-lait-maternel\/#primaryimage\"},\"thumbnailUrl\":\"https:\/\/amamantra.com\/wp-content\/uploads\/2021\/12\/unnamed-3.png\",\"datePublished\":\"2021-12-06T11:28:02+00:00\",\"dateModified\":\"2021-12-09T09:08:23+00:00\",\"breadcrumb\":{\"@id\":\"https:\/\/amamantra.com\/conservation-du-lait-maternel\/#breadcrumb\"},\"inLanguage\":\"fr-FR\",\"potentialAction\":[{\"@type\":\"ReadAction\",\"target\":[\"https:\/\/amamantra.com\/conservation-du-lait-maternel\/\"]}]},{\"@type\":\"ImageObject\",\"inLanguage\":\"fr-FR\",\"@id\":\"https:\/\/amamantra.com\/conservation-du-lait-maternel\/#primaryimage\",\"url\":\"https:\/\/amamantra.com\/wp-content\/uploads\/2021\/12\/unnamed-3.png\",\"contentUrl\":\"https:\/\/amamantra.com\/wp-content\/uploads\/2021\/12\/unnamed-3.png\",\"width\":801,\"height\":801},{\"@type\":\"BreadcrumbList\",\"@id\":\"https:\/\/amamantra.com\/conservation-du-lait-maternel\/#breadcrumb\",\"itemListElement\":[{\"@type\":\"ListItem\",\"position\":1,\"name\":\"Accueil\",\"item\":\"https:\/\/amamantra.com\/\"},{\"@type\":\"ListItem\",\"position\":2,\"name\":\"Conservation de votre lait maternel\"}]},{\"@type\":\"WebSite\",\"@id\":\"https:\/\/amamantra.com\/#website\",\"url\":\"https:\/\/amamantra.com\/\",\"name\":\"Amamantra\",\"description\":\"V\u00eatements de confort pour mamans allaitantes\",\"publisher\":{\"@id\":\"https:\/\/amamantra.com\/#organization\"},\"potentialAction\":[{\"@type\":\"SearchAction\",\"target\":{\"@type\":\"EntryPoint\",\"urlTemplate\":\"https:\/\/amamantra.com\/?s={search_term_string}\"},\"query-input\":\"required name=search_term_string\"}],\"inLanguage\":\"fr-FR\"},{\"@type\":\"Organization\",\"@id\":\"https:\/\/amamantra.com\/#organization\",\"name\":\"Amamantra\",\"url\":\"https:\/\/amamantra.com\/\",\"logo\":{\"@type\":\"ImageObject\",\"inLanguage\":\"fr-FR\",\"@id\":\"https:\/\/amamantra.com\/#\/schema\/logo\/image\/\",\"url\":\"https:\/\/amamantra.com\/wp-content\/uploads\/2021\/04\/logo-amamantra.jpg\",\"contentUrl\":\"https:\/\/amamantra.com\/wp-content\/uploads\/2021\/04\/logo-amamantra.jpg\",\"width\":313,\"height\":79,\"caption\":\"Amamantra\"},\"image\":{\"@id\":\"https:\/\/amamantra.com\/#\/schema\/logo\/image\/\"}},{\"@type\":\"Person\",\"@id\":\"https:\/\/amamantra.com\/#\/schema\/person\/40d04295eb7d3b8b374e72c4d498312e\",\"name\":\"Pauline Babilotte\",\"image\":{\"@type\":\"ImageObject\",\"inLanguage\":\"fr-FR\",\"@id\":\"https:\/\/amamantra.com\/#\/schema\/person\/image\/\",\"url\":\"https:\/\/secure.gravatar.com\/avatar\/13f0d8e091d9f2f35ca88243f8d05bd1?s=96&d=mm&r=g\",\"contentUrl\":\"https:\/\/secure.gravatar.com\/avatar\/13f0d8e091d9f2f35ca88243f8d05bd1?s=96&d=mm&r=g\",\"caption\":\"Pauline Babilotte\"}}]}<\/script>\n<!-- \/ Yoast SEO plugin. -->","yoast_head_json":{"title":"Conservation de votre lait maternel - Amamantra","robots":{"index":"index","follow":"follow","max-snippet":"max-snippet:-1","max-image-preview":"max-image-preview:large","max-video-preview":"max-video-preview:-1"},"canonical":"https:\/\/amamantra.com\/conservation-du-lait-maternel\/","og_locale":"fr_FR","og_type":"article","og_title":"Conservation de votre lait maternel - Amamantra","og_description":"&nbsp; Comment conserver votre lait maternel ? Le lait peut \u00eatre conserver dans des contenants de verre, de plastique rigide ou bien de sacs de cong\u00e9lation con\u00e7us \u00e0 cet effet. &nbsp; Voici les d\u00e9lais de conservation du lait maternel : 4 heures \u00e0 la temp\u00e9rature de la pi\u00e8ce 8 jours au r\u00e9frig\u00e9rateur 3 mois dans [&hellip;]","og_url":"https:\/\/amamantra.com\/conservation-du-lait-maternel\/","og_site_name":"Amamantra","article_published_time":"2021-12-06T11:28:02+00:00","article_modified_time":"2021-12-09T09:08:23+00:00","og_image":[{"width":801,"height":801,"url":"https:\/\/amamantra.com\/wp-content\/uploads\/2021\/12\/unnamed-3.png","type":"image\/png"}],"author":"Pauline Babilotte","twitter_card":"summary_large_image","twitter_misc":{"\u00c9crit par":"Pauline Babilotte","Dur\u00e9e de lecture estim\u00e9e":"1 minute"},"schema":{"@context":"https:\/\/schema.org","@graph":[{"@type":"Article","@id":"https:\/\/amamantra.com\/conservation-du-lait-maternel\/#article","isPartOf":{"@id":"https:\/\/amamantra.com\/conservation-du-lait-maternel\/"},"author":{"name":"Pauline Babilotte","@id":"https:\/\/amamantra.com\/#\/schema\/person\/40d04295eb7d3b8b374e72c4d498312e"},"headline":"Conservation de votre lait maternel","datePublished":"2021-12-06T11:28:02+00:00","dateModified":"2021-12-09T09:08:23+00:00","mainEntityOfPage":{"@id":"https:\/\/amamantra.com\/conservation-du-lait-maternel\/"},"wordCount":241,"commentCount":0,"publisher":{"@id":"https:\/\/amamantra.com\/#organization"},"image":{"@id":"https:\/\/amamantra.com\/conservation-du-lait-maternel\/#primaryimage"},"thumbnailUrl":"https:\/\/amamantra.com\/wp-content\/uploads\/2021\/12\/unnamed-3.png","articleSection":["Allaitement"],"inLanguage":"fr-FR","potentialAction":[{"@type":"CommentAction","name":"Comment","target":["https:\/\/amamantra.com\/conservation-du-lait-maternel\/#respond"]}]},{"@type":"WebPage","@id":"https:\/\/amamantra.com\/conservation-du-lait-maternel\/","url":"https:\/\/amamantra.com\/conservation-du-lait-maternel\/","name":"Conservation de votre lait maternel - Amamantra","isPartOf":{"@id":"https:\/\/amamantra.com\/#website"},"primaryImageOfPage":{"@id":"https:\/\/amamantra.com\/conservation-du-lait-maternel\/#primaryimage"},"image":{"@id":"https:\/\/amamantra.com\/conservation-du-lait-maternel\/#primaryimage"},"thumbnailUrl":"https:\/\/amamantra.com\/wp-content\/uploads\/2021\/12\/unnamed-3.png","datePublished":"2021-12-06T11:28:02+00:00","dateModified":"2021-12-09T09:08:23+00:00","breadcrumb":{"@id":"https:\/\/amamantra.com\/conservation-du-lait-maternel\/#breadcrumb"},"inLanguage":"fr-FR","potentialAction":[{"@type":"ReadAction","target":["https:\/\/amamantra.com\/conservation-du-lait-maternel\/"]}]},{"@type":"ImageObject","inLanguage":"fr-FR","@id":"https:\/\/amamantra.com\/conservation-du-lait-maternel\/#primaryimage","url":"https:\/\/amamantra.com\/wp-content\/uploads\/2021\/12\/unnamed-3.png","contentUrl":"https:\/\/amamantra.com\/wp-content\/uploads\/2021\/12\/unnamed-3.png","width":801,"height":801},{"@type":"BreadcrumbList","@id":"https:\/\/amamantra.com\/conservation-du-lait-maternel\/#breadcrumb","itemListElement":[{"@type":"ListItem","position":1,"name":"Accueil","item":"https:\/\/amamantra.com\/"},{"@type":"ListItem","position":2,"name":"Conservation de votre lait maternel"}]},{"@type":"WebSite","@id":"https:\/\/amamantra.com\/#website","url":"https:\/\/amamantra.com\/","name":"Amamantra","description":"V\u00eatements de confort pour mamans allaitantes","publisher":{"@id":"https:\/\/amamantra.com\/#organization"},"potentialAction":[{"@type":"SearchAction","target":{"@type":"EntryPoint","urlTemplate":"https:\/\/amamantra.com\/?s={search_term_string}"},"query-input":"required name=search_term_string"}],"inLanguage":"fr-FR"},{"@type":"Organization","@id":"https:\/\/amamantra.com\/#organization","name":"Amamantra","url":"https:\/\/amamantra.com\/","logo":{"@type":"ImageObject","inLanguage":"fr-FR","@id":"https:\/\/amamantra.com\/#\/schema\/logo\/image\/","url":"https:\/\/amamantra.com\/wp-content\/uploads\/2021\/04\/logo-amamantra.jpg","contentUrl":"https:\/\/amamantra.com\/wp-content\/uploads\/2021\/04\/logo-amamantra.jpg","width":313,"height":79,"caption":"Amamantra"},"image":{"@id":"https:\/\/amamantra.com\/#\/schema\/logo\/image\/"}},{"@type":"Person","@id":"https:\/\/amamantra.com\/#\/schema\/person\/40d04295eb7d3b8b374e72c4d498312e","name":"Pauline Babilotte","image":{"@type":"ImageObject","inLanguage":"fr-FR","@id":"https:\/\/amamantra.com\/#\/schema\/person\/image\/","url":"https:\/\/secure.gravatar.com\/avatar\/13f0d8e091d9f2f35ca88243f8d05bd1?s=96&d=mm&r=g","contentUrl":"https:\/\/secure.gravatar.com\/avatar\/13f0d8e091d9f2f35ca88243f8d05bd1?s=96&d=mm&r=g","caption":"Pauline Babilotte"}}]}},"lang":"fr","translations":{"fr":1003},"pll_sync_post":[],"_links":{"self":[{"href":"https:\/\/amamantra.com\/wp-json\/wp\/v2\/posts\/1003"}],"collection":[{"href":"https:\/\/amamantra.com\/wp-json\/wp\/v2\/posts"}],"about":[{"href":"https:\/\/amamantra.com\/wp-json\/wp\/v2\/types\/post"}],"author":[{"embeddable":true,"href":"https:\/\/amamantra.com\/wp-json\/wp\/v2\/users\/2"}],"replies":[{"embeddable":true,"href":"https:\/\/amamantra.com\/wp-json\/wp\/v2\/comments?post=1003"}],"version-history":[{"count":0,"href":"https:\/\/amamantra.com\/wp-json\/wp\/v2\/posts\/1003\/revisions"}],"wp:featuredmedia":[{"embeddable":true,"href":"https:\/\/amamantra.com\/wp-json\/wp\/v2\/media\/1026"}],"wp:attachment":[{"href":"https:\/\/amamantra.com\/wp-json\/wp\/v2\/media?parent=1003"}],"wp:term":[{"taxonomy":"category","embeddable":true,"href":"https:\/\/amamantra.com\/wp-json\/wp\/v2\/categories?post=1003"},{"taxonomy":"post_tag","embeddable":true,"href":"https:\/\/amamantra.com\/wp-json\/wp\/v2\/tags?post=1003"}],"curies":[{"name":"wp","href":"https:\/\/api.w.org\/{rel}","templated":true}]}}