{"id":1147,"date":"2022-03-10T15:16:08","date_gmt":"2022-03-10T14:16:08","guid":{"rendered":"https:\/\/amamantra.com\/?p=1147"},"modified":"2022-03-10T15:25:44","modified_gmt":"2022-03-10T14:25:44","slug":"interview-de-camille-second-sew","status":"publish","type":"post","link":"https:\/\/amamantra.com\/interview-de-camille-second-sew\/","title":{"rendered":"Interview de Camille, Second Sew"},"content":{"rendered":"\n\n\t\t\t\t<img loading=\"lazy\" decoding=\"async\" src=\"https:\/\/amamantra.com\/wp-content\/uploads\/2022\/03\/Mode_Ethique_Upcycling_Bebe_Notre_Histoire_V8-350x350.jpg\" alt=\"Mode_Ethique_Upcycling_Bebe_Notre_Histoire_V8\" itemprop=\"image\" height=\"350\" width=\"350\" title=\"Mode_Ethique_Upcycling_Bebe_Notre_Histoire_V8\" onerror=\"this.style.display='none'\"  \/>\n\t<p>&nbsp;<\/p>\n<p>Nous avions envie de mettre en lumi\u00e8re une cr\u00e9atrice que nous appr\u00e9cions particuli\u00e8rement ainsi que son travail !<\/p>\n<p>Il est \u00e9vident pour nous de soutenir ces d\u00e9marches \u00e0 notre \u00e9chelle. Nous devons consommer moins, et surtout consommer mieux, telle est la devise de cette cr\u00e9atrice.<\/p>\n<p>Partons maintenant \u00e0 la d\u00e9couverte de Camille le cr\u00e9atrice de Second Sew.<\/p>\n<p>&nbsp;<\/p>\n\t<p><strong>Qui se cache derri\u00e8re Second Sew ?<\/strong><\/p>\n<p>Bonjour je suis Camille la cr\u00e9atrice de la marque Second Sew. Tout a d\u00e9but\u00e9 en 2018 \u00e0 la naissance de ma premi\u00e8re fille, j&#8217;ai tout de suite eu le r\u00e9flexe de la seconde main pour habiller ma fille, mais malheureusement je ne trouvais pas mon bonheur, je voulais des choses originales, qui lui ressemble et dans l&#8217;air du temps.<\/p>\n<p>Mon conjoint et moi adorons faire des brocantes, j&#8217;ai donc eu l&#8217;id\u00e9e de faire comme nos grands-m\u00e8res r\u00e9cup\u00e9rer des anciens linges de maisons et en faire des v\u00eatements pour enfants.<\/p>\n<p>Gr\u00e2ce \u00e0 mes nombreuses exp\u00e9riences dans des domaines diff\u00e9rents, j&#8217;ai pu r\u00e9aliser un projet qui me tient \u00e0 c\u0153ur celui de cr\u00e9er un dressing \u00e0 des enfants avec un impact \u00e9cologique moins important ainsi que de pouvoir leur inculquer de nouvelles valeurs. Sur le march\u00e9 de l&#8217;habillement il n&#8217;y avait pas ce genre de proposition.<\/p>\n<p>J&#8217;ai r\u00e9alis\u00e9 des \u00e9tudes en commerce international et ensuite int\u00e9gr\u00e9 une \u00e9cole de commerce. Pour quelques ann\u00e9es apr\u00e8s, faire une reconversion de couture et mod\u00e9lisme.<\/p>\n<p>Avant de cr\u00e9er Second Sew, j&#8217;ai eu la chance de travailler dans des agences de communication et de publicit\u00e9 dans l&#8217;\u00e9conomie et solidaire. Ensuite, j&#8217;ai travaill\u00e9 dans une association humanitaire sur la d\u00e9fense des droits de l&#8217;enfance.<\/p>\n<p><strong>Pouvez-vous nous pr\u00e9senter Second Sew en quelques mots\u00a0?<\/strong><\/p>\n<p>Second Sew est le fruit de \u00ab\u00a0plusieurs vies\u00a0\u00bb. Je me suis inspir\u00e9 de ma maman et du vestiaire des ann\u00e9es 80 qu&#8217;elle m&#8217;avait cr\u00e9\u00e9e quand j&#8217;\u00e9tais petite, un vestiaire pas soumis aux effets de mode qui reste dans l&#8217;air du temps, mais l&#8217;id\u00e9e de la seconde main c&#8217;est aussi de pouvoir le passer les v\u00eatements d&#8217;enfant en enfant&#8230;<\/p>\n<p>Aujourd&#8217;hui Second Sew est\u00a0devenu un travail collectif avec la confection de nos v\u00eatements r\u00e9alis\u00e9s par des ateliers fran\u00e7ais, avec des personnes en insertion\u00a0et un approvisionnement directement aupr\u00e8s du Relais.<\/p>\n<p>Nous restons une petite entreprise et\u00a0avons \u00e0 c\u0153ur de vous proposer une mode \u00e9thique\u00a0int\u00e9grant une d\u00e9marche responsable dans l&#8217;ensemble de notre processus de production et dans notre fonctionnement.<\/p>\n<p>L&#8217;inspiration pour mes cr\u00e9ations sont mes nombreux voyages qui ont eu un impact sur ma consommation et surtout une prise de conscience sur le super flux que l&#8217;ont fait chez nous.<\/p>\n<p><strong>Pourquoi ce nom de marque\u00a0? <\/strong><\/p>\n<p>Second Sew\u00a0: Deuxi\u00e8me couture<\/p>\n<p>Ma maman travaill\u00e9e dans le textile, ma grand-m\u00e8re \u00e9tait du genre \u00e0 tout garder, un conjoint antiquaire, cela donne du sens \u00e0 ce nom qui repr\u00e9sente un peu chaque personne que j&#8217;aime. Je suis \u00e9galement partie pendant 1 an en Australie et en Asie pour prendre du recul, j&#8217;ai donc fait \u00e9norm\u00e9ment de rencontre, tous les \u00e9changes \u00e9tait en anglais, cela explique ce c\u00f4t\u00e9 anglophone, qui est enti\u00e8rement assum\u00e9.<\/p>\n<p><strong>Quelles ont \u00e9t\u00e9 vos inspirations dans l&#8217;\u00e9laboration de la marque\u00a0? <\/strong><\/p>\n<p>L&#8217;inspiration pour mes cr\u00e9ations viennent de la garde-robe que ma maman m&#8217;avait confectionn\u00e9e ainsi que mes filles qui sont une grande source d&#8217;inspiration pour moi. M\u00eame si je propose des v\u00eatements mixtes.<\/p>\n<p><strong>Quel est votre meilleur souvenir depuis la cr\u00e9ation de votre marque\u00a0? <\/strong><\/p>\n<p>Second Sew est une aventure au jour le jour, j&#8217;ai d\u00e9but\u00e9 dans mon salon, avec une machine \u00e0 coudre familiale, le soutien ind\u00e9fectible de mon conjoint, antiquaire et\u00a0cette id\u00e9e de refaire ce que nos a\u00een\u00e9s faisaient d\u00e9j\u00e0 : travailler des anciens linges de maison pour habiller les plus petits.<\/p>\n<p>Pour moi, il y a pleins de petites victoires au quotidien.\u00a0 \u00ab\u00a0Je fais partie des personnes qui se disent que c&#8217;est cool, mais je peux faire mieux\u00a0!\u00a0\u00bb.<\/p>\n<p><strong>Quels conseils pourriez-vous donner \u00e0 ceux qui souhaitent cr\u00e9er leur propre marque\u00a0? <\/strong><\/p>\n<p>Pour moi le plus important lors de la cr\u00e9ation de sa marque c&#8217;est \u00eatre bien entour\u00e9 sur l&#8217;aspect personnelle car ce n&#8217;est pas rien de ce lancer dans l&#8217;entreprenariat et que c&#8217;est un sacr\u00e9 challenge. L&#8217;investissement personnel et \u00e9norme les premi\u00e8res ann\u00e9es.<\/p>\n<p>\u00catre soutenu est le meilleur conseil que je pourrais donner\u00a0!<\/p>\n<p><strong>Une citation qui vous repr\u00e9sente\u00a0? <\/strong><\/p>\n<p>\u00ab\u00a0Toujours voir le bon c\u00f4t\u00e9 des choses.\u00a0\u00bb Si tu ne sais pas voir le bon aspect c&#8217;est compliqu\u00e9 de garder le moral.<\/p>\n<p>&nbsp;<\/p>\n<p>Merci Camille pour cette interview enrichissante et pleine de bonnes \u00e9nergies ! Vous pouvez retrouver ses jolies cr\u00e9ations sur son site internet :\u00a0<a href=\"https:\/\/www.secondsew.fr\">https:\/\/www.secondsew.fr<\/a><\/p>\n<p>&nbsp;<\/p>\n\n","protected":false},"excerpt":{"rendered":"<p>&nbsp; Nous avions envie de mettre en lumi\u00e8re une cr\u00e9atrice que nous appr\u00e9cions particuli\u00e8rement ainsi que son travail ! Il est \u00e9vident pour nous de soutenir ces d\u00e9marches \u00e0 notre \u00e9chelle. Nous devons consommer moins, et surtout consommer mieux, telle est la devise de cette cr\u00e9atrice. Partons maintenant \u00e0 la d\u00e9couverte de Camille le cr\u00e9atrice [&hellip;]<\/p>\n","protected":false},"author":2,"featured_media":1149,"comment_status":"open","ping_status":"open","sticky":false,"template":"","format":"standard","meta":{"_acf_changed":false,"inline_featured_image":false,"footnotes":""},"categories":[39],"tags":[],"acf":[],"yoast_head":"<!-- This site is optimized with the Yoast SEO plugin v22.4 - https:\/\/yoast.com\/wordpress\/plugins\/seo\/ -->\n<title>Interview de Camille, Second Sew - Amamantra<\/title>\n<meta name=\"robots\" content=\"index, follow, max-snippet:-1, max-image-preview:large, max-video-preview:-1\" \/>\n<link rel=\"canonical\" href=\"https:\/\/amamantra.com\/interview-de-camille-second-sew\/\" \/>\n<meta property=\"og:locale\" content=\"fr_FR\" \/>\n<meta property=\"og:type\" content=\"article\" \/>\n<meta property=\"og:title\" content=\"Interview de Camille, Second Sew - Amamantra\" \/>\n<meta property=\"og:description\" content=\"&nbsp; Nous avions envie de mettre en lumi\u00e8re une cr\u00e9atrice que nous appr\u00e9cions particuli\u00e8rement ainsi que son travail ! Il est \u00e9vident pour nous de soutenir ces d\u00e9marches \u00e0 notre \u00e9chelle. Nous devons consommer moins, et surtout consommer mieux, telle est la devise de cette cr\u00e9atrice. Partons maintenant \u00e0 la d\u00e9couverte de Camille le cr\u00e9atrice [&hellip;]\" \/>\n<meta property=\"og:url\" content=\"https:\/\/amamantra.com\/interview-de-camille-second-sew\/\" \/>\n<meta property=\"og:site_name\" content=\"Amamantra\" \/>\n<meta property=\"article:published_time\" content=\"2022-03-10T14:16:08+00:00\" \/>\n<meta property=\"article:modified_time\" content=\"2022-03-10T14:25:44+00:00\" \/>\n<meta property=\"og:image\" content=\"https:\/\/amamantra.com\/wp-content\/uploads\/2022\/03\/Mode_Ethique_Upcycling_Bebe_Notre_Histoire_V8.jpg\" \/>\n\t<meta property=\"og:image:width\" content=\"1332\" \/>\n\t<meta property=\"og:image:height\" content=\"1333\" \/>\n\t<meta property=\"og:image:type\" content=\"image\/jpeg\" \/>\n<meta name=\"author\" content=\"Pauline Babilotte\" \/>\n<meta name=\"twitter:card\" content=\"summary_large_image\" \/>\n<meta name=\"twitter:label1\" content=\"\u00c9crit par\" \/>\n\t<meta name=\"twitter:data1\" content=\"Pauline Babilotte\" \/>\n\t<meta name=\"twitter:label2\" content=\"Dur\u00e9e de lecture estim\u00e9e\" \/>\n\t<meta name=\"twitter:data2\" content=\"4 minutes\" \/>\n<script type=\"application\/ld+json\" class=\"yoast-schema-graph\">{\"@context\":\"https:\/\/schema.org\",\"@graph\":[{\"@type\":\"Article\",\"@id\":\"https:\/\/amamantra.com\/interview-de-camille-second-sew\/#article\",\"isPartOf\":{\"@id\":\"https:\/\/amamantra.com\/interview-de-camille-second-sew\/\"},\"author\":{\"name\":\"Pauline Babilotte\",\"@id\":\"https:\/\/amamantra.com\/#\/schema\/person\/40d04295eb7d3b8b374e72c4d498312e\"},\"headline\":\"Interview de Camille, Second Sew\",\"datePublished\":\"2022-03-10T14:16:08+00:00\",\"dateModified\":\"2022-03-10T14:25:44+00:00\",\"mainEntityOfPage\":{\"@id\":\"https:\/\/amamantra.com\/interview-de-camille-second-sew\/\"},\"wordCount\":817,\"commentCount\":0,\"publisher\":{\"@id\":\"https:\/\/amamantra.com\/#organization\"},\"image\":{\"@id\":\"https:\/\/amamantra.com\/interview-de-camille-second-sew\/#primaryimage\"},\"thumbnailUrl\":\"https:\/\/amamantra.com\/wp-content\/uploads\/2022\/03\/Mode_Ethique_Upcycling_Bebe_Notre_Histoire_V8.jpg\",\"articleSection\":[\"Eco-responsabilit\u00e9\"],\"inLanguage\":\"fr-FR\",\"potentialAction\":[{\"@type\":\"CommentAction\",\"name\":\"Comment\",\"target\":[\"https:\/\/amamantra.com\/interview-de-camille-second-sew\/#respond\"]}]},{\"@type\":\"WebPage\",\"@id\":\"https:\/\/amamantra.com\/interview-de-camille-second-sew\/\",\"url\":\"https:\/\/amamantra.com\/interview-de-camille-second-sew\/\",\"name\":\"Interview de Camille, Second Sew - Amamantra\",\"isPartOf\":{\"@id\":\"https:\/\/amamantra.com\/#website\"},\"primaryImageOfPage\":{\"@id\":\"https:\/\/amamantra.com\/interview-de-camille-second-sew\/#primaryimage\"},\"image\":{\"@id\":\"https:\/\/amamantra.com\/interview-de-camille-second-sew\/#primaryimage\"},\"thumbnailUrl\":\"https:\/\/amamantra.com\/wp-content\/uploads\/2022\/03\/Mode_Ethique_Upcycling_Bebe_Notre_Histoire_V8.jpg\",\"datePublished\":\"2022-03-10T14:16:08+00:00\",\"dateModified\":\"2022-03-10T14:25:44+00:00\",\"breadcrumb\":{\"@id\":\"https:\/\/amamantra.com\/interview-de-camille-second-sew\/#breadcrumb\"},\"inLanguage\":\"fr-FR\",\"potentialAction\":[{\"@type\":\"ReadAction\",\"target\":[\"https:\/\/amamantra.com\/interview-de-camille-second-sew\/\"]}]},{\"@type\":\"ImageObject\",\"inLanguage\":\"fr-FR\",\"@id\":\"https:\/\/amamantra.com\/interview-de-camille-second-sew\/#primaryimage\",\"url\":\"https:\/\/amamantra.com\/wp-content\/uploads\/2022\/03\/Mode_Ethique_Upcycling_Bebe_Notre_Histoire_V8.jpg\",\"contentUrl\":\"https:\/\/amamantra.com\/wp-content\/uploads\/2022\/03\/Mode_Ethique_Upcycling_Bebe_Notre_Histoire_V8.jpg\",\"width\":1332,\"height\":1333},{\"@type\":\"BreadcrumbList\",\"@id\":\"https:\/\/amamantra.com\/interview-de-camille-second-sew\/#breadcrumb\",\"itemListElement\":[{\"@type\":\"ListItem\",\"position\":1,\"name\":\"Accueil\",\"item\":\"https:\/\/amamantra.com\/\"},{\"@type\":\"ListItem\",\"position\":2,\"name\":\"Interview de Camille, Second Sew\"}]},{\"@type\":\"WebSite\",\"@id\":\"https:\/\/amamantra.com\/#website\",\"url\":\"https:\/\/amamantra.com\/\",\"name\":\"Amamantra\",\"description\":\"V\u00eatements de confort pour mamans allaitantes\",\"publisher\":{\"@id\":\"https:\/\/amamantra.com\/#organization\"},\"potentialAction\":[{\"@type\":\"SearchAction\",\"target\":{\"@type\":\"EntryPoint\",\"urlTemplate\":\"https:\/\/amamantra.com\/?s={search_term_string}\"},\"query-input\":\"required name=search_term_string\"}],\"inLanguage\":\"fr-FR\"},{\"@type\":\"Organization\",\"@id\":\"https:\/\/amamantra.com\/#organization\",\"name\":\"Amamantra\",\"url\":\"https:\/\/amamantra.com\/\",\"logo\":{\"@type\":\"ImageObject\",\"inLanguage\":\"fr-FR\",\"@id\":\"https:\/\/amamantra.com\/#\/schema\/logo\/image\/\",\"url\":\"https:\/\/amamantra.com\/wp-content\/uploads\/2021\/04\/logo-amamantra.jpg\",\"contentUrl\":\"https:\/\/amamantra.com\/wp-content\/uploads\/2021\/04\/logo-amamantra.jpg\",\"width\":313,\"height\":79,\"caption\":\"Amamantra\"},\"image\":{\"@id\":\"https:\/\/amamantra.com\/#\/schema\/logo\/image\/\"}},{\"@type\":\"Person\",\"@id\":\"https:\/\/amamantra.com\/#\/schema\/person\/40d04295eb7d3b8b374e72c4d498312e\",\"name\":\"Pauline Babilotte\",\"image\":{\"@type\":\"ImageObject\",\"inLanguage\":\"fr-FR\",\"@id\":\"https:\/\/amamantra.com\/#\/schema\/person\/image\/\",\"url\":\"https:\/\/secure.gravatar.com\/avatar\/13f0d8e091d9f2f35ca88243f8d05bd1?s=96&d=mm&r=g\",\"contentUrl\":\"https:\/\/secure.gravatar.com\/avatar\/13f0d8e091d9f2f35ca88243f8d05bd1?s=96&d=mm&r=g\",\"caption\":\"Pauline Babilotte\"}}]}<\/script>\n<!-- \/ Yoast SEO plugin. -->","yoast_head_json":{"title":"Interview de Camille, Second Sew - Amamantra","robots":{"index":"index","follow":"follow","max-snippet":"max-snippet:-1","max-image-preview":"max-image-preview:large","max-video-preview":"max-video-preview:-1"},"canonical":"https:\/\/amamantra.com\/interview-de-camille-second-sew\/","og_locale":"fr_FR","og_type":"article","og_title":"Interview de Camille, Second Sew - Amamantra","og_description":"&nbsp; Nous avions envie de mettre en lumi\u00e8re une cr\u00e9atrice que nous appr\u00e9cions particuli\u00e8rement ainsi que son travail ! Il est \u00e9vident pour nous de soutenir ces d\u00e9marches \u00e0 notre \u00e9chelle. Nous devons consommer moins, et surtout consommer mieux, telle est la devise de cette cr\u00e9atrice. Partons maintenant \u00e0 la d\u00e9couverte de Camille le cr\u00e9atrice [&hellip;]","og_url":"https:\/\/amamantra.com\/interview-de-camille-second-sew\/","og_site_name":"Amamantra","article_published_time":"2022-03-10T14:16:08+00:00","article_modified_time":"2022-03-10T14:25:44+00:00","og_image":[{"width":1332,"height":1333,"url":"https:\/\/amamantra.com\/wp-content\/uploads\/2022\/03\/Mode_Ethique_Upcycling_Bebe_Notre_Histoire_V8.jpg","type":"image\/jpeg"}],"author":"Pauline Babilotte","twitter_card":"summary_large_image","twitter_misc":{"\u00c9crit par":"Pauline Babilotte","Dur\u00e9e de lecture estim\u00e9e":"4 minutes"},"schema":{"@context":"https:\/\/schema.org","@graph":[{"@type":"Article","@id":"https:\/\/amamantra.com\/interview-de-camille-second-sew\/#article","isPartOf":{"@id":"https:\/\/amamantra.com\/interview-de-camille-second-sew\/"},"author":{"name":"Pauline Babilotte","@id":"https:\/\/amamantra.com\/#\/schema\/person\/40d04295eb7d3b8b374e72c4d498312e"},"headline":"Interview de Camille, Second Sew","datePublished":"2022-03-10T14:16:08+00:00","dateModified":"2022-03-10T14:25:44+00:00","mainEntityOfPage":{"@id":"https:\/\/amamantra.com\/interview-de-camille-second-sew\/"},"wordCount":817,"commentCount":0,"publisher":{"@id":"https:\/\/amamantra.com\/#organization"},"image":{"@id":"https:\/\/amamantra.com\/interview-de-camille-second-sew\/#primaryimage"},"thumbnailUrl":"https:\/\/amamantra.com\/wp-content\/uploads\/2022\/03\/Mode_Ethique_Upcycling_Bebe_Notre_Histoire_V8.jpg","articleSection":["Eco-responsabilit\u00e9"],"inLanguage":"fr-FR","potentialAction":[{"@type":"CommentAction","name":"Comment","target":["https:\/\/amamantra.com\/interview-de-camille-second-sew\/#respond"]}]},{"@type":"WebPage","@id":"https:\/\/amamantra.com\/interview-de-camille-second-sew\/","url":"https:\/\/amamantra.com\/interview-de-camille-second-sew\/","name":"Interview de Camille, Second Sew - Amamantra","isPartOf":{"@id":"https:\/\/amamantra.com\/#website"},"primaryImageOfPage":{"@id":"https:\/\/amamantra.com\/interview-de-camille-second-sew\/#primaryimage"},"image":{"@id":"https:\/\/amamantra.com\/interview-de-camille-second-sew\/#primaryimage"},"thumbnailUrl":"https:\/\/amamantra.com\/wp-content\/uploads\/2022\/03\/Mode_Ethique_Upcycling_Bebe_Notre_Histoire_V8.jpg","datePublished":"2022-03-10T14:16:08+00:00","dateModified":"2022-03-10T14:25:44+00:00","breadcrumb":{"@id":"https:\/\/amamantra.com\/interview-de-camille-second-sew\/#breadcrumb"},"inLanguage":"fr-FR","potentialAction":[{"@type":"ReadAction","target":["https:\/\/amamantra.com\/interview-de-camille-second-sew\/"]}]},{"@type":"ImageObject","inLanguage":"fr-FR","@id":"https:\/\/amamantra.com\/interview-de-camille-second-sew\/#primaryimage","url":"https:\/\/amamantra.com\/wp-content\/uploads\/2022\/03\/Mode_Ethique_Upcycling_Bebe_Notre_Histoire_V8.jpg","contentUrl":"https:\/\/amamantra.com\/wp-content\/uploads\/2022\/03\/Mode_Ethique_Upcycling_Bebe_Notre_Histoire_V8.jpg","width":1332,"height":1333},{"@type":"BreadcrumbList","@id":"https:\/\/amamantra.com\/interview-de-camille-second-sew\/#breadcrumb","itemListElement":[{"@type":"ListItem","position":1,"name":"Accueil","item":"https:\/\/amamantra.com\/"},{"@type":"ListItem","position":2,"name":"Interview de Camille, Second Sew"}]},{"@type":"WebSite","@id":"https:\/\/amamantra.com\/#website","url":"https:\/\/amamantra.com\/","name":"Amamantra","description":"V\u00eatements de confort pour mamans allaitantes","publisher":{"@id":"https:\/\/amamantra.com\/#organization"},"potentialAction":[{"@type":"SearchAction","target":{"@type":"EntryPoint","urlTemplate":"https:\/\/amamantra.com\/?s={search_term_string}"},"query-input":"required name=search_term_string"}],"inLanguage":"fr-FR"},{"@type":"Organization","@id":"https:\/\/amamantra.com\/#organization","name":"Amamantra","url":"https:\/\/amamantra.com\/","logo":{"@type":"ImageObject","inLanguage":"fr-FR","@id":"https:\/\/amamantra.com\/#\/schema\/logo\/image\/","url":"https:\/\/amamantra.com\/wp-content\/uploads\/2021\/04\/logo-amamantra.jpg","contentUrl":"https:\/\/amamantra.com\/wp-content\/uploads\/2021\/04\/logo-amamantra.jpg","width":313,"height":79,"caption":"Amamantra"},"image":{"@id":"https:\/\/amamantra.com\/#\/schema\/logo\/image\/"}},{"@type":"Person","@id":"https:\/\/amamantra.com\/#\/schema\/person\/40d04295eb7d3b8b374e72c4d498312e","name":"Pauline Babilotte","image":{"@type":"ImageObject","inLanguage":"fr-FR","@id":"https:\/\/amamantra.com\/#\/schema\/person\/image\/","url":"https:\/\/secure.gravatar.com\/avatar\/13f0d8e091d9f2f35ca88243f8d05bd1?s=96&d=mm&r=g","contentUrl":"https:\/\/secure.gravatar.com\/avatar\/13f0d8e091d9f2f35ca88243f8d05bd1?s=96&d=mm&r=g","caption":"Pauline Babilotte"}}]}},"lang":"fr","translations":{"fr":1147},"pll_sync_post":[],"_links":{"self":[{"href":"https:\/\/amamantra.com\/wp-json\/wp\/v2\/posts\/1147"}],"collection":[{"href":"https:\/\/amamantra.com\/wp-json\/wp\/v2\/posts"}],"about":[{"href":"https:\/\/amamantra.com\/wp-json\/wp\/v2\/types\/post"}],"author":[{"embeddable":true,"href":"https:\/\/amamantra.com\/wp-json\/wp\/v2\/users\/2"}],"replies":[{"embeddable":true,"href":"https:\/\/amamantra.com\/wp-json\/wp\/v2\/comments?post=1147"}],"version-history":[{"count":0,"href":"https:\/\/amamantra.com\/wp-json\/wp\/v2\/posts\/1147\/revisions"}],"wp:featuredmedia":[{"embeddable":true,"href":"https:\/\/amamantra.com\/wp-json\/wp\/v2\/media\/1149"}],"wp:attachment":[{"href":"https:\/\/amamantra.com\/wp-json\/wp\/v2\/media?parent=1147"}],"wp:term":[{"taxonomy":"category","embeddable":true,"href":"https:\/\/amamantra.com\/wp-json\/wp\/v2\/categories?post=1147"},{"taxonomy":"post_tag","embeddable":true,"href":"https:\/\/amamantra.com\/wp-json\/wp\/v2\/tags?post=1147"}],"curies":[{"name":"wp","href":"https:\/\/api.w.org\/{rel}","templated":true}]}}