{"id":323,"date":"2021-04-13T14:10:22","date_gmt":"2021-04-13T12:10:22","guid":{"rendered":"https:\/\/amamantra.com\/?p=323"},"modified":"2021-04-13T14:30:04","modified_gmt":"2021-04-13T12:30:04","slug":"la-mode-eco-responsable","status":"publish","type":"post","link":"https:\/\/amamantra.com\/la-mode-eco-responsable\/","title":{"rendered":"La Mode \u00e9co-responsable"},"content":{"rendered":"\n\n\t\t\t\t<img loading=\"lazy\" decoding=\"async\" src=\"https:\/\/amamantra.com\/wp-content\/uploads\/2021\/04\/coton-ecoresponsabilite.jpg\" alt=\"coton-ecoresponsabilite\" itemprop=\"image\" height=\"800\" width=\"800\" title=\"coton-ecoresponsabilite\" onerror=\"this.style.display='none'\"  \/>\n\t<h2>Qu&#8217;est ce qu&#8217;un v\u00eatement \u00e9thique\/\u00e9co-responsable?<\/h2>\n<p>Que signifient ces deux termes ?<\/p>\n<p>Ils sont par d\u00e9finition <strong>subjectifs<\/strong> et <strong>propres<\/strong> \u00e0 chacun.<\/p>\n<p>Nous n&#8217;avons pas tous la m\u00eame conception d&#8217;\u00e9thique ou d&#8217;\u00e9co-responsabilit\u00e9 : concr\u00e8tement, nous n&#8217;avons pas tous la m\u00eame sensibilit\u00e9, Made In France, ne veut pas toujours dire \u00e9co responsable et biologique ne veut pas toujours dire \u00e9thique, ainsi de suite&#8230;<\/p>\n<p>La bonne r\u00e9ponse est en vous, elle d\u00e9pend de votre sensibilit\u00e9, de vos valeurs et croyances, de votre \u00e9ducation, de vos moyens. Chacun a sa propre d\u00e9marche pour consommer mieux.<\/p>\n\t<h3>A vous de d\u00e9finir les caract\u00e9ristiques qui font sens \u00e0 vos yeux.<\/h3>\n<p>Cela peut \u00eatre le lieu de fabrication, les labels, la seconde main, les mati\u00e8res, l&#8217;innocuit\u00e9 du v\u00eatement, sa durabilit\u00e9, sa facult\u00e9 d&#8217;\u00eatre recycl\u00e9 recyclable ou m\u00eame compostable, la main d&#8217;oeuvre, etc.<\/p>\n<p>Il revient \u00e0 chacun de d\u00e9finir sa grille de crit\u00e8res. Cette grille est souvent \u00e9volutive, elle varie dans le temps en fonction des moyens, du temps disponible, de l&#8217;\u00e9volution de nos valeurs, des informations re\u00e7ues, de notre propre cheminement, des \u00e9v\u00e9nements et al\u00e9as de la vie, entre autres.<\/p>\n\n<blockquote><p>R\u00e9fl\u00e9chissez \u00e0 ce que vous achetez et demandez vous si vous avez d&#8217;autres options auxquelles vous avez davantage confiance.<\/p><\/blockquote>\n<p>Il est indispensable pour Amamantra de savoir qui r\u00e9colte, qui tisse et qui confectionne et dans quelles conditions, ainsi nous ma\u00eetrisons notre cha\u00eene de fabrication.<\/p>\n\t<h3>Le coton s\u00e9lectionn\u00e9 par nos soins est issu du commerce \u00e9quitable et \u00e9galement certifi\u00e9 coton biologique (issu de stock GOTS).<\/h3>\n<p>Il est r\u00e9colt\u00e9 au P\u00e9rou, o\u00f9 il est \u00e9galement tiss\u00e9 pour la cr\u00e9ation des tissus que nous utilisons par nos collections.<\/p>\n<p>Le commerce \u00e9quitable implique globalement :<\/p>\n<ul>\n<li>De meilleures r\u00e9mun\u00e9rations pour les paysans producteurs<\/li>\n<li>Le respect des droits fondamentaux des producteurs et travailleurs<\/li>\n<li>La pr\u00e9servation de l&#8217;environnement<\/li>\n<\/ul>\n\t<p>Nous continuons notre d\u00e9marche \u00e9co responsable et \u00e9thique dans d&#8217;autres initiatives, en voici quelques unes :<\/p>\n<ul>\n<li>Packaging et papeterie recycl\u00e9s ou recyclables,<\/li>\n<li>D\u00e9p\u00f4t des colis \u00e0 v\u00e9lo<\/li>\n<li>H\u00e9bergement du site \u00e9co responsable<\/li>\n<li>Grossesse friendly pour allonger la dur\u00e9e de vie du produit<\/li>\n<\/ul>\n\n\n","protected":false},"excerpt":{"rendered":"<p>Qu&#8217;est ce qu&#8217;un v\u00eatement \u00e9thique\/\u00e9co-responsable? Que signifient ces deux termes ? Ils sont par d\u00e9finition subjectifs et propres \u00e0 chacun. Nous n&#8217;avons pas tous la m\u00eame conception d&#8217;\u00e9thique ou d&#8217;\u00e9co-responsabilit\u00e9 : concr\u00e8tement, nous n&#8217;avons pas tous la m\u00eame sensibilit\u00e9, Made In France, ne veut pas toujours dire \u00e9co responsable et biologique ne veut pas toujours [&hellip;]<\/p>\n","protected":false},"author":1,"featured_media":326,"comment_status":"open","ping_status":"open","sticky":false,"template":"","format":"standard","meta":{"_acf_changed":false,"inline_featured_image":false,"footnotes":""},"categories":[39],"tags":[],"acf":[],"yoast_head":"<!-- This site is optimized with the Yoast SEO plugin v22.4 - https:\/\/yoast.com\/wordpress\/plugins\/seo\/ -->\n<title>La Mode \u00e9co-responsable - Amamantra<\/title>\n<meta name=\"robots\" content=\"index, follow, max-snippet:-1, max-image-preview:large, max-video-preview:-1\" \/>\n<link rel=\"canonical\" href=\"https:\/\/amamantra.com\/la-mode-eco-responsable\/\" \/>\n<meta property=\"og:locale\" content=\"fr_FR\" \/>\n<meta property=\"og:type\" content=\"article\" \/>\n<meta property=\"og:title\" content=\"La Mode \u00e9co-responsable - Amamantra\" \/>\n<meta property=\"og:description\" content=\"Qu&#8217;est ce qu&#8217;un v\u00eatement \u00e9thique\/\u00e9co-responsable? Que signifient ces deux termes ? Ils sont par d\u00e9finition subjectifs et propres \u00e0 chacun. Nous n&#8217;avons pas tous la m\u00eame conception d&#8217;\u00e9thique ou d&#8217;\u00e9co-responsabilit\u00e9 : concr\u00e8tement, nous n&#8217;avons pas tous la m\u00eame sensibilit\u00e9, Made In France, ne veut pas toujours dire \u00e9co responsable et biologique ne veut pas toujours [&hellip;]\" \/>\n<meta property=\"og:url\" content=\"https:\/\/amamantra.com\/la-mode-eco-responsable\/\" \/>\n<meta property=\"og:site_name\" content=\"Amamantra\" \/>\n<meta property=\"article:published_time\" content=\"2021-04-13T12:10:22+00:00\" \/>\n<meta property=\"article:modified_time\" content=\"2021-04-13T12:30:04+00:00\" \/>\n<meta property=\"og:image\" content=\"https:\/\/amamantra.com\/wp-content\/uploads\/2021\/04\/coton-ecoresponsabilite.jpg\" \/>\n\t<meta property=\"og:image:width\" content=\"800\" \/>\n\t<meta property=\"og:image:height\" content=\"800\" \/>\n\t<meta property=\"og:image:type\" content=\"image\/jpeg\" \/>\n<meta name=\"author\" content=\"Hypaepa\" \/>\n<meta name=\"twitter:card\" content=\"summary_large_image\" \/>\n<meta name=\"twitter:label1\" content=\"\u00c9crit par\" \/>\n\t<meta name=\"twitter:data1\" content=\"Hypaepa\" \/>\n<script type=\"application\/ld+json\" class=\"yoast-schema-graph\">{\"@context\":\"https:\/\/schema.org\",\"@graph\":[{\"@type\":\"Article\",\"@id\":\"https:\/\/amamantra.com\/la-mode-eco-responsable\/#article\",\"isPartOf\":{\"@id\":\"https:\/\/amamantra.com\/la-mode-eco-responsable\/\"},\"author\":{\"name\":\"Hypaepa\",\"@id\":\"https:\/\/amamantra.com\/#\/schema\/person\/91b9982d554c1955ee99e374529bf07e\"},\"headline\":\"La Mode \u00e9co-responsable\",\"datePublished\":\"2021-04-13T12:10:22+00:00\",\"dateModified\":\"2021-04-13T12:30:04+00:00\",\"mainEntityOfPage\":{\"@id\":\"https:\/\/amamantra.com\/la-mode-eco-responsable\/\"},\"wordCount\":370,\"commentCount\":0,\"publisher\":{\"@id\":\"https:\/\/amamantra.com\/#organization\"},\"image\":{\"@id\":\"https:\/\/amamantra.com\/la-mode-eco-responsable\/#primaryimage\"},\"thumbnailUrl\":\"https:\/\/amamantra.com\/wp-content\/uploads\/2021\/04\/coton-ecoresponsabilite.jpg\",\"articleSection\":[\"Eco-responsabilit\u00e9\"],\"inLanguage\":\"fr-FR\",\"potentialAction\":[{\"@type\":\"CommentAction\",\"name\":\"Comment\",\"target\":[\"https:\/\/amamantra.com\/la-mode-eco-responsable\/#respond\"]}]},{\"@type\":\"WebPage\",\"@id\":\"https:\/\/amamantra.com\/la-mode-eco-responsable\/\",\"url\":\"https:\/\/amamantra.com\/la-mode-eco-responsable\/\",\"name\":\"La Mode \u00e9co-responsable - Amamantra\",\"isPartOf\":{\"@id\":\"https:\/\/amamantra.com\/#website\"},\"primaryImageOfPage\":{\"@id\":\"https:\/\/amamantra.com\/la-mode-eco-responsable\/#primaryimage\"},\"image\":{\"@id\":\"https:\/\/amamantra.com\/la-mode-eco-responsable\/#primaryimage\"},\"thumbnailUrl\":\"https:\/\/amamantra.com\/wp-content\/uploads\/2021\/04\/coton-ecoresponsabilite.jpg\",\"datePublished\":\"2021-04-13T12:10:22+00:00\",\"dateModified\":\"2021-04-13T12:30:04+00:00\",\"breadcrumb\":{\"@id\":\"https:\/\/amamantra.com\/la-mode-eco-responsable\/#breadcrumb\"},\"inLanguage\":\"fr-FR\",\"potentialAction\":[{\"@type\":\"ReadAction\",\"target\":[\"https:\/\/amamantra.com\/la-mode-eco-responsable\/\"]}]},{\"@type\":\"ImageObject\",\"inLanguage\":\"fr-FR\",\"@id\":\"https:\/\/amamantra.com\/la-mode-eco-responsable\/#primaryimage\",\"url\":\"https:\/\/amamantra.com\/wp-content\/uploads\/2021\/04\/coton-ecoresponsabilite.jpg\",\"contentUrl\":\"https:\/\/amamantra.com\/wp-content\/uploads\/2021\/04\/coton-ecoresponsabilite.jpg\",\"width\":800,\"height\":800},{\"@type\":\"BreadcrumbList\",\"@id\":\"https:\/\/amamantra.com\/la-mode-eco-responsable\/#breadcrumb\",\"itemListElement\":[{\"@type\":\"ListItem\",\"position\":1,\"name\":\"Accueil\",\"item\":\"https:\/\/amamantra.com\/\"},{\"@type\":\"ListItem\",\"position\":2,\"name\":\"La Mode \u00e9co-responsable\"}]},{\"@type\":\"WebSite\",\"@id\":\"https:\/\/amamantra.com\/#website\",\"url\":\"https:\/\/amamantra.com\/\",\"name\":\"Amamantra\",\"description\":\"V\u00eatements de confort pour mamans allaitantes\",\"publisher\":{\"@id\":\"https:\/\/amamantra.com\/#organization\"},\"potentialAction\":[{\"@type\":\"SearchAction\",\"target\":{\"@type\":\"EntryPoint\",\"urlTemplate\":\"https:\/\/amamantra.com\/?s={search_term_string}\"},\"query-input\":\"required name=search_term_string\"}],\"inLanguage\":\"fr-FR\"},{\"@type\":\"Organization\",\"@id\":\"https:\/\/amamantra.com\/#organization\",\"name\":\"Amamantra\",\"url\":\"https:\/\/amamantra.com\/\",\"logo\":{\"@type\":\"ImageObject\",\"inLanguage\":\"fr-FR\",\"@id\":\"https:\/\/amamantra.com\/#\/schema\/logo\/image\/\",\"url\":\"https:\/\/amamantra.com\/wp-content\/uploads\/2021\/04\/logo-amamantra.jpg\",\"contentUrl\":\"https:\/\/amamantra.com\/wp-content\/uploads\/2021\/04\/logo-amamantra.jpg\",\"width\":313,\"height\":79,\"caption\":\"Amamantra\"},\"image\":{\"@id\":\"https:\/\/amamantra.com\/#\/schema\/logo\/image\/\"}},{\"@type\":\"Person\",\"@id\":\"https:\/\/amamantra.com\/#\/schema\/person\/91b9982d554c1955ee99e374529bf07e\",\"name\":\"Hypaepa\",\"image\":{\"@type\":\"ImageObject\",\"inLanguage\":\"fr-FR\",\"@id\":\"https:\/\/amamantra.com\/#\/schema\/person\/image\/\",\"url\":\"https:\/\/secure.gravatar.com\/avatar\/9b1c63185df37463df8cd67e958db234?s=96&d=mm&r=g\",\"contentUrl\":\"https:\/\/secure.gravatar.com\/avatar\/9b1c63185df37463df8cd67e958db234?s=96&d=mm&r=g\",\"caption\":\"Hypaepa\"},\"sameAs\":[\"http:\/\/amamantra.com\"]}]}<\/script>\n<!-- \/ Yoast SEO plugin. -->","yoast_head_json":{"title":"La Mode \u00e9co-responsable - Amamantra","robots":{"index":"index","follow":"follow","max-snippet":"max-snippet:-1","max-image-preview":"max-image-preview:large","max-video-preview":"max-video-preview:-1"},"canonical":"https:\/\/amamantra.com\/la-mode-eco-responsable\/","og_locale":"fr_FR","og_type":"article","og_title":"La Mode \u00e9co-responsable - Amamantra","og_description":"Qu&#8217;est ce qu&#8217;un v\u00eatement \u00e9thique\/\u00e9co-responsable? Que signifient ces deux termes ? Ils sont par d\u00e9finition subjectifs et propres \u00e0 chacun. Nous n&#8217;avons pas tous la m\u00eame conception d&#8217;\u00e9thique ou d&#8217;\u00e9co-responsabilit\u00e9 : concr\u00e8tement, nous n&#8217;avons pas tous la m\u00eame sensibilit\u00e9, Made In France, ne veut pas toujours dire \u00e9co responsable et biologique ne veut pas toujours [&hellip;]","og_url":"https:\/\/amamantra.com\/la-mode-eco-responsable\/","og_site_name":"Amamantra","article_published_time":"2021-04-13T12:10:22+00:00","article_modified_time":"2021-04-13T12:30:04+00:00","og_image":[{"width":800,"height":800,"url":"https:\/\/amamantra.com\/wp-content\/uploads\/2021\/04\/coton-ecoresponsabilite.jpg","type":"image\/jpeg"}],"author":"Hypaepa","twitter_card":"summary_large_image","twitter_misc":{"\u00c9crit par":"Hypaepa"},"schema":{"@context":"https:\/\/schema.org","@graph":[{"@type":"Article","@id":"https:\/\/amamantra.com\/la-mode-eco-responsable\/#article","isPartOf":{"@id":"https:\/\/amamantra.com\/la-mode-eco-responsable\/"},"author":{"name":"Hypaepa","@id":"https:\/\/amamantra.com\/#\/schema\/person\/91b9982d554c1955ee99e374529bf07e"},"headline":"La Mode \u00e9co-responsable","datePublished":"2021-04-13T12:10:22+00:00","dateModified":"2021-04-13T12:30:04+00:00","mainEntityOfPage":{"@id":"https:\/\/amamantra.com\/la-mode-eco-responsable\/"},"wordCount":370,"commentCount":0,"publisher":{"@id":"https:\/\/amamantra.com\/#organization"},"image":{"@id":"https:\/\/amamantra.com\/la-mode-eco-responsable\/#primaryimage"},"thumbnailUrl":"https:\/\/amamantra.com\/wp-content\/uploads\/2021\/04\/coton-ecoresponsabilite.jpg","articleSection":["Eco-responsabilit\u00e9"],"inLanguage":"fr-FR","potentialAction":[{"@type":"CommentAction","name":"Comment","target":["https:\/\/amamantra.com\/la-mode-eco-responsable\/#respond"]}]},{"@type":"WebPage","@id":"https:\/\/amamantra.com\/la-mode-eco-responsable\/","url":"https:\/\/amamantra.com\/la-mode-eco-responsable\/","name":"La Mode \u00e9co-responsable - Amamantra","isPartOf":{"@id":"https:\/\/amamantra.com\/#website"},"primaryImageOfPage":{"@id":"https:\/\/amamantra.com\/la-mode-eco-responsable\/#primaryimage"},"image":{"@id":"https:\/\/amamantra.com\/la-mode-eco-responsable\/#primaryimage"},"thumbnailUrl":"https:\/\/amamantra.com\/wp-content\/uploads\/2021\/04\/coton-ecoresponsabilite.jpg","datePublished":"2021-04-13T12:10:22+00:00","dateModified":"2021-04-13T12:30:04+00:00","breadcrumb":{"@id":"https:\/\/amamantra.com\/la-mode-eco-responsable\/#breadcrumb"},"inLanguage":"fr-FR","potentialAction":[{"@type":"ReadAction","target":["https:\/\/amamantra.com\/la-mode-eco-responsable\/"]}]},{"@type":"ImageObject","inLanguage":"fr-FR","@id":"https:\/\/amamantra.com\/la-mode-eco-responsable\/#primaryimage","url":"https:\/\/amamantra.com\/wp-content\/uploads\/2021\/04\/coton-ecoresponsabilite.jpg","contentUrl":"https:\/\/amamantra.com\/wp-content\/uploads\/2021\/04\/coton-ecoresponsabilite.jpg","width":800,"height":800},{"@type":"BreadcrumbList","@id":"https:\/\/amamantra.com\/la-mode-eco-responsable\/#breadcrumb","itemListElement":[{"@type":"ListItem","position":1,"name":"Accueil","item":"https:\/\/amamantra.com\/"},{"@type":"ListItem","position":2,"name":"La Mode \u00e9co-responsable"}]},{"@type":"WebSite","@id":"https:\/\/amamantra.com\/#website","url":"https:\/\/amamantra.com\/","name":"Amamantra","description":"V\u00eatements de confort pour mamans allaitantes","publisher":{"@id":"https:\/\/amamantra.com\/#organization"},"potentialAction":[{"@type":"SearchAction","target":{"@type":"EntryPoint","urlTemplate":"https:\/\/amamantra.com\/?s={search_term_string}"},"query-input":"required name=search_term_string"}],"inLanguage":"fr-FR"},{"@type":"Organization","@id":"https:\/\/amamantra.com\/#organization","name":"Amamantra","url":"https:\/\/amamantra.com\/","logo":{"@type":"ImageObject","inLanguage":"fr-FR","@id":"https:\/\/amamantra.com\/#\/schema\/logo\/image\/","url":"https:\/\/amamantra.com\/wp-content\/uploads\/2021\/04\/logo-amamantra.jpg","contentUrl":"https:\/\/amamantra.com\/wp-content\/uploads\/2021\/04\/logo-amamantra.jpg","width":313,"height":79,"caption":"Amamantra"},"image":{"@id":"https:\/\/amamantra.com\/#\/schema\/logo\/image\/"}},{"@type":"Person","@id":"https:\/\/amamantra.com\/#\/schema\/person\/91b9982d554c1955ee99e374529bf07e","name":"Hypaepa","image":{"@type":"ImageObject","inLanguage":"fr-FR","@id":"https:\/\/amamantra.com\/#\/schema\/person\/image\/","url":"https:\/\/secure.gravatar.com\/avatar\/9b1c63185df37463df8cd67e958db234?s=96&d=mm&r=g","contentUrl":"https:\/\/secure.gravatar.com\/avatar\/9b1c63185df37463df8cd67e958db234?s=96&d=mm&r=g","caption":"Hypaepa"},"sameAs":["http:\/\/amamantra.com"]}]}},"lang":"fr","translations":{"fr":323},"pll_sync_post":[],"_links":{"self":[{"href":"https:\/\/amamantra.com\/wp-json\/wp\/v2\/posts\/323"}],"collection":[{"href":"https:\/\/amamantra.com\/wp-json\/wp\/v2\/posts"}],"about":[{"href":"https:\/\/amamantra.com\/wp-json\/wp\/v2\/types\/post"}],"author":[{"embeddable":true,"href":"https:\/\/amamantra.com\/wp-json\/wp\/v2\/users\/1"}],"replies":[{"embeddable":true,"href":"https:\/\/amamantra.com\/wp-json\/wp\/v2\/comments?post=323"}],"version-history":[{"count":0,"href":"https:\/\/amamantra.com\/wp-json\/wp\/v2\/posts\/323\/revisions"}],"wp:featuredmedia":[{"embeddable":true,"href":"https:\/\/amamantra.com\/wp-json\/wp\/v2\/media\/326"}],"wp:attachment":[{"href":"https:\/\/amamantra.com\/wp-json\/wp\/v2\/media?parent=323"}],"wp:term":[{"taxonomy":"category","embeddable":true,"href":"https:\/\/amamantra.com\/wp-json\/wp\/v2\/categories?post=323"},{"taxonomy":"post_tag","embeddable":true,"href":"https:\/\/amamantra.com\/wp-json\/wp\/v2\/tags?post=323"}],"curies":[{"name":"wp","href":"https:\/\/api.w.org\/{rel}","templated":true}]}}