{"id":491,"date":"2021-04-21T18:36:19","date_gmt":"2021-04-21T16:36:19","guid":{"rendered":"https:\/\/amamantra.com\/?p=491"},"modified":"2021-09-06T14:22:08","modified_gmt":"2021-09-06T12:22:08","slug":"packaging-eco-responsable","status":"publish","type":"post","link":"https:\/\/amamantra.com\/packaging-eco-responsable\/","title":{"rendered":"Packaging \u00e9co-responsable"},"content":{"rendered":"\r\n<p><img loading=\"lazy\" decoding=\"async\" title=\"colis-amamantra\" src=\"https:\/\/amamantra.com\/wp-content\/uploads\/2021\/04\/colis-amamantra.jpg\" alt=\"colis-amamantra\" width=\"1886\" height=\"1886\" \/><\/p>\r\n<h2>Les emballages eco responsables sont dans tous les esprits.<\/h2>\r\n<p>Amamantra\u00a0continue \u00e0 tenir ses engagements et sa d\u00e9marche eco responsables en utilisant des packagings et de la papeterie au maximum recycl\u00e9s ou \u00e0 d\u00e9faut recyclables pour l&#8217;envoi de vos commandes.<\/p>\r\n<p>\u00c0 l&#8217;heure o\u00f9 la d\u00e9t\u00e9rioration de l&#8217;environnement\u00a0caus\u00e9e par les mat\u00e9riaux synth\u00e9tiques a atteint des niveaux critiques,\u00a0Amamantra\u00a0ne souhaite pas opter pour l&#8217;utilisation des emballages &#8220;traditionnels&#8221;.<\/p>\r\n<p>En effet, bien souvent ces derniers s&#8217;accumulent, ils ne sont pas toujours recycl\u00e9s et mettent beaucoup de temps \u00e0 se d\u00e9grader naturellement dans l&#8217;environnement.<\/p>\r\n<p>\u00c0 l&#8217;inverse d&#8217;un emballage \u00e9cologique, l&#8217;emballage classique a un impact n\u00e9gatif av\u00e9r\u00e9 sur les \u00e9cosyst\u00e8mes et potentiellement sur la sant\u00e9 humaine.<\/p>\r\n<p>D&#8217;ailleurs ces sujets environnementaux vous pr\u00e9occupent de plus en plus en tant que consommateurs, qui \u00eates plus sensibles et plus engag\u00e9s. C&#8217;est aussi notre cas !<\/p>\r\n<p>Plus de la moiti\u00e9 des consommateurs affirment aujourd&#8217;hui que la recyclabilit\u00e9, la durabilit\u00e9 et la biod\u00e9gradabilit\u00e9 des emballages constituent des facteurs importants dans leurs d\u00e9cisions d&#8217;achat.<\/p>\r\n<p>Cette nouvelle prise de conscience collective, conforte notre jeune marque dans sa d\u00e9cision d&#8217;innover et d&#8217;adopter de nouveaux comportements (et surtout engagements) sur le packaging \u00e9cologique !<\/p>\r\n","protected":false},"excerpt":{"rendered":"<p>Les emballages eco responsables sont dans tous les esprits. Amamantra\u00a0continue \u00e0 tenir ses engagements et sa d\u00e9marche eco responsables en utilisant des packagings et de la papeterie au maximum recycl\u00e9s ou \u00e0 d\u00e9faut recyclables pour l&#8217;envoi de vos commandes. \u00c0 l&#8217;heure o\u00f9 la d\u00e9t\u00e9rioration de l&#8217;environnement\u00a0caus\u00e9e par les mat\u00e9riaux synth\u00e9tiques a atteint des niveaux critiques,\u00a0Amamantra\u00a0ne [&hellip;]<\/p>\n","protected":false},"author":1,"featured_media":493,"comment_status":"open","ping_status":"open","sticky":false,"template":"","format":"standard","meta":{"_acf_changed":false,"inline_featured_image":false,"footnotes":""},"categories":[51,39],"tags":[],"acf":[],"yoast_head":"<!-- This site is optimized with the Yoast SEO plugin v22.4 - https:\/\/yoast.com\/wordpress\/plugins\/seo\/ -->\n<title>Packaging \u00e9co-responsable - Amamantra<\/title>\n<meta name=\"robots\" content=\"index, follow, max-snippet:-1, max-image-preview:large, max-video-preview:-1\" \/>\n<link rel=\"canonical\" href=\"https:\/\/amamantra.com\/packaging-eco-responsable\/\" \/>\n<meta property=\"og:locale\" content=\"fr_FR\" \/>\n<meta property=\"og:type\" content=\"article\" \/>\n<meta property=\"og:title\" content=\"Packaging \u00e9co-responsable - Amamantra\" \/>\n<meta property=\"og:description\" content=\"Les emballages eco responsables sont dans tous les esprits. Amamantra\u00a0continue \u00e0 tenir ses engagements et sa d\u00e9marche eco responsables en utilisant des packagings et de la papeterie au maximum recycl\u00e9s ou \u00e0 d\u00e9faut recyclables pour l&#8217;envoi de vos commandes. \u00c0 l&#8217;heure o\u00f9 la d\u00e9t\u00e9rioration de l&#8217;environnement\u00a0caus\u00e9e par les mat\u00e9riaux synth\u00e9tiques a atteint des niveaux critiques,\u00a0Amamantra\u00a0ne [&hellip;]\" \/>\n<meta property=\"og:url\" content=\"https:\/\/amamantra.com\/packaging-eco-responsable\/\" \/>\n<meta property=\"og:site_name\" content=\"Amamantra\" \/>\n<meta property=\"article:published_time\" content=\"2021-04-21T16:36:19+00:00\" \/>\n<meta property=\"article:modified_time\" content=\"2021-09-06T12:22:08+00:00\" \/>\n<meta property=\"og:image\" content=\"https:\/\/amamantra.com\/wp-content\/uploads\/2021\/04\/colis-amamantra.jpg\" \/>\n\t<meta property=\"og:image:width\" content=\"1886\" \/>\n\t<meta property=\"og:image:height\" content=\"1886\" \/>\n\t<meta property=\"og:image:type\" content=\"image\/jpeg\" \/>\n<meta name=\"author\" content=\"Hypaepa\" \/>\n<meta name=\"twitter:card\" content=\"summary_large_image\" \/>\n<meta name=\"twitter:label1\" content=\"\u00c9crit par\" \/>\n\t<meta name=\"twitter:data1\" content=\"Hypaepa\" \/>\n\t<meta name=\"twitter:label2\" content=\"Dur\u00e9e de lecture estim\u00e9e\" \/>\n\t<meta name=\"twitter:data2\" content=\"1 minute\" \/>\n<script type=\"application\/ld+json\" class=\"yoast-schema-graph\">{\"@context\":\"https:\/\/schema.org\",\"@graph\":[{\"@type\":\"Article\",\"@id\":\"https:\/\/amamantra.com\/packaging-eco-responsable\/#article\",\"isPartOf\":{\"@id\":\"https:\/\/amamantra.com\/packaging-eco-responsable\/\"},\"author\":{\"name\":\"Hypaepa\",\"@id\":\"https:\/\/amamantra.com\/#\/schema\/person\/91b9982d554c1955ee99e374529bf07e\"},\"headline\":\"Packaging \u00e9co-responsable\",\"datePublished\":\"2021-04-21T16:36:19+00:00\",\"dateModified\":\"2021-09-06T12:22:08+00:00\",\"mainEntityOfPage\":{\"@id\":\"https:\/\/amamantra.com\/packaging-eco-responsable\/\"},\"wordCount\":204,\"commentCount\":0,\"publisher\":{\"@id\":\"https:\/\/amamantra.com\/#organization\"},\"image\":{\"@id\":\"https:\/\/amamantra.com\/packaging-eco-responsable\/#primaryimage\"},\"thumbnailUrl\":\"https:\/\/amamantra.com\/wp-content\/uploads\/2021\/04\/colis-amamantra.jpg\",\"articleSection\":[\"Chez Amamantra\",\"Eco-responsabilit\u00e9\"],\"inLanguage\":\"fr-FR\",\"potentialAction\":[{\"@type\":\"CommentAction\",\"name\":\"Comment\",\"target\":[\"https:\/\/amamantra.com\/packaging-eco-responsable\/#respond\"]}]},{\"@type\":\"WebPage\",\"@id\":\"https:\/\/amamantra.com\/packaging-eco-responsable\/\",\"url\":\"https:\/\/amamantra.com\/packaging-eco-responsable\/\",\"name\":\"Packaging \u00e9co-responsable - Amamantra\",\"isPartOf\":{\"@id\":\"https:\/\/amamantra.com\/#website\"},\"primaryImageOfPage\":{\"@id\":\"https:\/\/amamantra.com\/packaging-eco-responsable\/#primaryimage\"},\"image\":{\"@id\":\"https:\/\/amamantra.com\/packaging-eco-responsable\/#primaryimage\"},\"thumbnailUrl\":\"https:\/\/amamantra.com\/wp-content\/uploads\/2021\/04\/colis-amamantra.jpg\",\"datePublished\":\"2021-04-21T16:36:19+00:00\",\"dateModified\":\"2021-09-06T12:22:08+00:00\",\"breadcrumb\":{\"@id\":\"https:\/\/amamantra.com\/packaging-eco-responsable\/#breadcrumb\"},\"inLanguage\":\"fr-FR\",\"potentialAction\":[{\"@type\":\"ReadAction\",\"target\":[\"https:\/\/amamantra.com\/packaging-eco-responsable\/\"]}]},{\"@type\":\"ImageObject\",\"inLanguage\":\"fr-FR\",\"@id\":\"https:\/\/amamantra.com\/packaging-eco-responsable\/#primaryimage\",\"url\":\"https:\/\/amamantra.com\/wp-content\/uploads\/2021\/04\/colis-amamantra.jpg\",\"contentUrl\":\"https:\/\/amamantra.com\/wp-content\/uploads\/2021\/04\/colis-amamantra.jpg\",\"width\":1886,\"height\":1886},{\"@type\":\"BreadcrumbList\",\"@id\":\"https:\/\/amamantra.com\/packaging-eco-responsable\/#breadcrumb\",\"itemListElement\":[{\"@type\":\"ListItem\",\"position\":1,\"name\":\"Accueil\",\"item\":\"https:\/\/amamantra.com\/\"},{\"@type\":\"ListItem\",\"position\":2,\"name\":\"Packaging \u00e9co-responsable\"}]},{\"@type\":\"WebSite\",\"@id\":\"https:\/\/amamantra.com\/#website\",\"url\":\"https:\/\/amamantra.com\/\",\"name\":\"Amamantra\",\"description\":\"V\u00eatements de confort pour mamans allaitantes\",\"publisher\":{\"@id\":\"https:\/\/amamantra.com\/#organization\"},\"potentialAction\":[{\"@type\":\"SearchAction\",\"target\":{\"@type\":\"EntryPoint\",\"urlTemplate\":\"https:\/\/amamantra.com\/?s={search_term_string}\"},\"query-input\":\"required name=search_term_string\"}],\"inLanguage\":\"fr-FR\"},{\"@type\":\"Organization\",\"@id\":\"https:\/\/amamantra.com\/#organization\",\"name\":\"Amamantra\",\"url\":\"https:\/\/amamantra.com\/\",\"logo\":{\"@type\":\"ImageObject\",\"inLanguage\":\"fr-FR\",\"@id\":\"https:\/\/amamantra.com\/#\/schema\/logo\/image\/\",\"url\":\"https:\/\/amamantra.com\/wp-content\/uploads\/2021\/04\/logo-amamantra.jpg\",\"contentUrl\":\"https:\/\/amamantra.com\/wp-content\/uploads\/2021\/04\/logo-amamantra.jpg\",\"width\":313,\"height\":79,\"caption\":\"Amamantra\"},\"image\":{\"@id\":\"https:\/\/amamantra.com\/#\/schema\/logo\/image\/\"}},{\"@type\":\"Person\",\"@id\":\"https:\/\/amamantra.com\/#\/schema\/person\/91b9982d554c1955ee99e374529bf07e\",\"name\":\"Hypaepa\",\"image\":{\"@type\":\"ImageObject\",\"inLanguage\":\"fr-FR\",\"@id\":\"https:\/\/amamantra.com\/#\/schema\/person\/image\/\",\"url\":\"https:\/\/secure.gravatar.com\/avatar\/9b1c63185df37463df8cd67e958db234?s=96&d=mm&r=g\",\"contentUrl\":\"https:\/\/secure.gravatar.com\/avatar\/9b1c63185df37463df8cd67e958db234?s=96&d=mm&r=g\",\"caption\":\"Hypaepa\"},\"sameAs\":[\"http:\/\/amamantra.com\"]}]}<\/script>\n<!-- \/ Yoast SEO plugin. -->","yoast_head_json":{"title":"Packaging \u00e9co-responsable - Amamantra","robots":{"index":"index","follow":"follow","max-snippet":"max-snippet:-1","max-image-preview":"max-image-preview:large","max-video-preview":"max-video-preview:-1"},"canonical":"https:\/\/amamantra.com\/packaging-eco-responsable\/","og_locale":"fr_FR","og_type":"article","og_title":"Packaging \u00e9co-responsable - Amamantra","og_description":"Les emballages eco responsables sont dans tous les esprits. Amamantra\u00a0continue \u00e0 tenir ses engagements et sa d\u00e9marche eco responsables en utilisant des packagings et de la papeterie au maximum recycl\u00e9s ou \u00e0 d\u00e9faut recyclables pour l&#8217;envoi de vos commandes. \u00c0 l&#8217;heure o\u00f9 la d\u00e9t\u00e9rioration de l&#8217;environnement\u00a0caus\u00e9e par les mat\u00e9riaux synth\u00e9tiques a atteint des niveaux critiques,\u00a0Amamantra\u00a0ne [&hellip;]","og_url":"https:\/\/amamantra.com\/packaging-eco-responsable\/","og_site_name":"Amamantra","article_published_time":"2021-04-21T16:36:19+00:00","article_modified_time":"2021-09-06T12:22:08+00:00","og_image":[{"width":1886,"height":1886,"url":"https:\/\/amamantra.com\/wp-content\/uploads\/2021\/04\/colis-amamantra.jpg","type":"image\/jpeg"}],"author":"Hypaepa","twitter_card":"summary_large_image","twitter_misc":{"\u00c9crit par":"Hypaepa","Dur\u00e9e de lecture estim\u00e9e":"1 minute"},"schema":{"@context":"https:\/\/schema.org","@graph":[{"@type":"Article","@id":"https:\/\/amamantra.com\/packaging-eco-responsable\/#article","isPartOf":{"@id":"https:\/\/amamantra.com\/packaging-eco-responsable\/"},"author":{"name":"Hypaepa","@id":"https:\/\/amamantra.com\/#\/schema\/person\/91b9982d554c1955ee99e374529bf07e"},"headline":"Packaging \u00e9co-responsable","datePublished":"2021-04-21T16:36:19+00:00","dateModified":"2021-09-06T12:22:08+00:00","mainEntityOfPage":{"@id":"https:\/\/amamantra.com\/packaging-eco-responsable\/"},"wordCount":204,"commentCount":0,"publisher":{"@id":"https:\/\/amamantra.com\/#organization"},"image":{"@id":"https:\/\/amamantra.com\/packaging-eco-responsable\/#primaryimage"},"thumbnailUrl":"https:\/\/amamantra.com\/wp-content\/uploads\/2021\/04\/colis-amamantra.jpg","articleSection":["Chez Amamantra","Eco-responsabilit\u00e9"],"inLanguage":"fr-FR","potentialAction":[{"@type":"CommentAction","name":"Comment","target":["https:\/\/amamantra.com\/packaging-eco-responsable\/#respond"]}]},{"@type":"WebPage","@id":"https:\/\/amamantra.com\/packaging-eco-responsable\/","url":"https:\/\/amamantra.com\/packaging-eco-responsable\/","name":"Packaging \u00e9co-responsable - Amamantra","isPartOf":{"@id":"https:\/\/amamantra.com\/#website"},"primaryImageOfPage":{"@id":"https:\/\/amamantra.com\/packaging-eco-responsable\/#primaryimage"},"image":{"@id":"https:\/\/amamantra.com\/packaging-eco-responsable\/#primaryimage"},"thumbnailUrl":"https:\/\/amamantra.com\/wp-content\/uploads\/2021\/04\/colis-amamantra.jpg","datePublished":"2021-04-21T16:36:19+00:00","dateModified":"2021-09-06T12:22:08+00:00","breadcrumb":{"@id":"https:\/\/amamantra.com\/packaging-eco-responsable\/#breadcrumb"},"inLanguage":"fr-FR","potentialAction":[{"@type":"ReadAction","target":["https:\/\/amamantra.com\/packaging-eco-responsable\/"]}]},{"@type":"ImageObject","inLanguage":"fr-FR","@id":"https:\/\/amamantra.com\/packaging-eco-responsable\/#primaryimage","url":"https:\/\/amamantra.com\/wp-content\/uploads\/2021\/04\/colis-amamantra.jpg","contentUrl":"https:\/\/amamantra.com\/wp-content\/uploads\/2021\/04\/colis-amamantra.jpg","width":1886,"height":1886},{"@type":"BreadcrumbList","@id":"https:\/\/amamantra.com\/packaging-eco-responsable\/#breadcrumb","itemListElement":[{"@type":"ListItem","position":1,"name":"Accueil","item":"https:\/\/amamantra.com\/"},{"@type":"ListItem","position":2,"name":"Packaging \u00e9co-responsable"}]},{"@type":"WebSite","@id":"https:\/\/amamantra.com\/#website","url":"https:\/\/amamantra.com\/","name":"Amamantra","description":"V\u00eatements de confort pour mamans allaitantes","publisher":{"@id":"https:\/\/amamantra.com\/#organization"},"potentialAction":[{"@type":"SearchAction","target":{"@type":"EntryPoint","urlTemplate":"https:\/\/amamantra.com\/?s={search_term_string}"},"query-input":"required name=search_term_string"}],"inLanguage":"fr-FR"},{"@type":"Organization","@id":"https:\/\/amamantra.com\/#organization","name":"Amamantra","url":"https:\/\/amamantra.com\/","logo":{"@type":"ImageObject","inLanguage":"fr-FR","@id":"https:\/\/amamantra.com\/#\/schema\/logo\/image\/","url":"https:\/\/amamantra.com\/wp-content\/uploads\/2021\/04\/logo-amamantra.jpg","contentUrl":"https:\/\/amamantra.com\/wp-content\/uploads\/2021\/04\/logo-amamantra.jpg","width":313,"height":79,"caption":"Amamantra"},"image":{"@id":"https:\/\/amamantra.com\/#\/schema\/logo\/image\/"}},{"@type":"Person","@id":"https:\/\/amamantra.com\/#\/schema\/person\/91b9982d554c1955ee99e374529bf07e","name":"Hypaepa","image":{"@type":"ImageObject","inLanguage":"fr-FR","@id":"https:\/\/amamantra.com\/#\/schema\/person\/image\/","url":"https:\/\/secure.gravatar.com\/avatar\/9b1c63185df37463df8cd67e958db234?s=96&d=mm&r=g","contentUrl":"https:\/\/secure.gravatar.com\/avatar\/9b1c63185df37463df8cd67e958db234?s=96&d=mm&r=g","caption":"Hypaepa"},"sameAs":["http:\/\/amamantra.com"]}]}},"lang":"fr","translations":{"fr":491},"pll_sync_post":[],"_links":{"self":[{"href":"https:\/\/amamantra.com\/wp-json\/wp\/v2\/posts\/491"}],"collection":[{"href":"https:\/\/amamantra.com\/wp-json\/wp\/v2\/posts"}],"about":[{"href":"https:\/\/amamantra.com\/wp-json\/wp\/v2\/types\/post"}],"author":[{"embeddable":true,"href":"https:\/\/amamantra.com\/wp-json\/wp\/v2\/users\/1"}],"replies":[{"embeddable":true,"href":"https:\/\/amamantra.com\/wp-json\/wp\/v2\/comments?post=491"}],"version-history":[{"count":0,"href":"https:\/\/amamantra.com\/wp-json\/wp\/v2\/posts\/491\/revisions"}],"wp:featuredmedia":[{"embeddable":true,"href":"https:\/\/amamantra.com\/wp-json\/wp\/v2\/media\/493"}],"wp:attachment":[{"href":"https:\/\/amamantra.com\/wp-json\/wp\/v2\/media?parent=491"}],"wp:term":[{"taxonomy":"category","embeddable":true,"href":"https:\/\/amamantra.com\/wp-json\/wp\/v2\/categories?post=491"},{"taxonomy":"post_tag","embeddable":true,"href":"https:\/\/amamantra.com\/wp-json\/wp\/v2\/tags?post=491"}],"curies":[{"name":"wp","href":"https:\/\/api.w.org\/{rel}","templated":true}]}}