{"id":800,"date":"2021-09-07T09:51:11","date_gmt":"2021-09-07T07:51:11","guid":{"rendered":"https:\/\/amamantra.com\/?p=800"},"modified":"2021-09-07T12:09:01","modified_gmt":"2021-09-07T10:09:01","slug":"allaitement-et-loi-du-travail","status":"publish","type":"post","link":"https:\/\/amamantra.com\/allaitement-et-loi-du-travail\/","title":{"rendered":"Allaitement et loi du travail"},"content":{"rendered":"\n\n\t<p>C&#8217;est un sujet qui fait parler de lui, est-ce que l&#8217;allaitement peut ce combiner avec notre quotidien de femmes actives ?<\/p>\n\t\n\t\n<p>Selon la <a href=\"https:\/\/www.service-public.fr\/particuliers\/vosdroits\/F1769\">Loi du Travail<\/a>, en tant que salari\u00e9e, vous pouvez tirer votre lait durant vos heures de travail, pendant un an \u00e0 partir de la naissance votre enfant. La loi vous permet donc de prendre une heure par jour pour tirer votre lait sur votre temps de travail.<\/p>\n<p>Vous devez la r\u00e9partir en deux p\u00e9riodes :<\/p>\n<ul>\n<li>30 minutes le matin<\/li>\n<li>30 minutes l&#8217;apr\u00e8s-midi<\/li>\n<\/ul>\n\t<p>Si votre employeur met \u00e0 disposition une salle d\u00e9di\u00e9e \u00e0 l&#8217;allaitement qui respecte des normes strictes en mati\u00e8re de sant\u00e9 et de s\u00e9curit\u00e9 au travail, votre p\u00e9riode sera r\u00e9duite \u00e0 2 x 2O minutes.<\/p>\n<p>Si l&#8217;entreprise emploie plus de 100 salari\u00e9s, elle a l&#8217;obligation de mettre \u00e0 disposition une salle d\u00e9di\u00e9e \u00e0 l&#8217;allaitement.<\/p>\n<p>NB : On note quand m\u00eame que la r\u00e9mun\u00e9ration de ce temps pour l&#8217;allaitement est comptabilis\u00e9e comme un &#8220;temps de pause&#8221; non r\u00e9mun\u00e9r\u00e9. Une r\u00e9mun\u00e9ration sur ce temps est au bon vouloir de l&#8217;employeur ou en fonction de votre convention collective.<\/p>\n<p>Allaiter tout en travaillant ce n&#8217;est pas synonyme de facilit\u00e9 ! Voici quelques TIPS pour une bonne reprise du travail en allaitant :<\/p>\n<ul>\n<li>Cela demande une bonne organisation et logistique. La petite astuce, notez la date et la quantit\u00e9 sur chaque sachet\/r\u00e9cipient. Plus facile \u00e9galement \u00e0 remettre \u00e0 la cr\u00e8che\/nounou.<\/li>\n<li>La confiance en soi est importante pour avoir de bonne \u00e9nergie et contr\u00f4ler le stress.<\/li>\n<li>Choisir un bon tire lait (pr\u00e9coniser un tire lait double pompage sur batterie : pour \u00eatre rapide et mobile) compatible avec son quotidien de maman.<\/li>\n<li>De quoi stocker son lait dans un endroit adapt\u00e9 et pouvoir le transporter (par exemple dans une petite glaci\u00e8re avec un pain de glace.<\/li>\n<\/ul>\n<p>Maintenant que vous \u00eates incollable sur ce sujet, vous \u00eates pr\u00eate pour votre reprise !\u00a0<\/p>\n<p>On vous souhaite un bon retour au travail les mamallaitantes.<\/p>\n<p>&nbsp;<\/p>\n<p>Source : Service-public France\u00a0<\/p>\n<p>&nbsp;<\/p>\n<p>&nbsp;<\/p>\n\n","protected":false},"excerpt":{"rendered":"<p>C&#8217;est un sujet qui fait parler de lui, est-ce que l&#8217;allaitement peut ce combiner avec notre quotidien de femmes actives ? Selon la Loi du Travail, en tant que salari\u00e9e, vous pouvez tirer votre lait durant vos heures de travail, pendant un an \u00e0 partir de la naissance votre enfant. La loi vous permet donc [&hellip;]<\/p>\n","protected":false},"author":2,"featured_media":807,"comment_status":"open","ping_status":"open","sticky":false,"template":"","format":"standard","meta":{"_acf_changed":false,"inline_featured_image":false,"footnotes":""},"categories":[41],"tags":[],"acf":[],"yoast_head":"<!-- This site is optimized with the Yoast SEO plugin v22.4 - https:\/\/yoast.com\/wordpress\/plugins\/seo\/ -->\n<title>Allaitement et loi du travail - Amamantra<\/title>\n<meta name=\"robots\" content=\"index, follow, max-snippet:-1, max-image-preview:large, max-video-preview:-1\" \/>\n<link rel=\"canonical\" href=\"https:\/\/amamantra.com\/allaitement-et-loi-du-travail\/\" \/>\n<meta property=\"og:locale\" content=\"fr_FR\" \/>\n<meta property=\"og:type\" content=\"article\" \/>\n<meta property=\"og:title\" content=\"Allaitement et loi du travail - Amamantra\" \/>\n<meta property=\"og:description\" content=\"C&#8217;est un sujet qui fait parler de lui, est-ce que l&#8217;allaitement peut ce combiner avec notre quotidien de femmes actives ? Selon la Loi du Travail, en tant que salari\u00e9e, vous pouvez tirer votre lait durant vos heures de travail, pendant un an \u00e0 partir de la naissance votre enfant. La loi vous permet donc [&hellip;]\" \/>\n<meta property=\"og:url\" content=\"https:\/\/amamantra.com\/allaitement-et-loi-du-travail\/\" \/>\n<meta property=\"og:site_name\" content=\"Amamantra\" \/>\n<meta property=\"article:published_time\" content=\"2021-09-07T07:51:11+00:00\" \/>\n<meta property=\"article:modified_time\" content=\"2021-09-07T10:09:01+00:00\" \/>\n<meta property=\"og:image\" content=\"https:\/\/amamantra.com\/wp-content\/uploads\/2021\/09\/Capture-de\u0301cran-2021-09-06-a\u0300-14.05.34-1.png\" \/>\n\t<meta property=\"og:image:width\" content=\"639\" \/>\n\t<meta property=\"og:image:height\" content=\"491\" \/>\n\t<meta property=\"og:image:type\" content=\"image\/png\" \/>\n<meta name=\"author\" content=\"Pauline Babilotte\" \/>\n<meta name=\"twitter:card\" content=\"summary_large_image\" \/>\n<meta name=\"twitter:label1\" content=\"\u00c9crit par\" \/>\n\t<meta name=\"twitter:data1\" content=\"Pauline Babilotte\" \/>\n\t<meta name=\"twitter:label2\" content=\"Dur\u00e9e de lecture estim\u00e9e\" \/>\n\t<meta name=\"twitter:data2\" content=\"2 minutes\" \/>\n<script type=\"application\/ld+json\" class=\"yoast-schema-graph\">{\"@context\":\"https:\/\/schema.org\",\"@graph\":[{\"@type\":\"Article\",\"@id\":\"https:\/\/amamantra.com\/allaitement-et-loi-du-travail\/#article\",\"isPartOf\":{\"@id\":\"https:\/\/amamantra.com\/allaitement-et-loi-du-travail\/\"},\"author\":{\"name\":\"Pauline Babilotte\",\"@id\":\"https:\/\/amamantra.com\/#\/schema\/person\/40d04295eb7d3b8b374e72c4d498312e\"},\"headline\":\"Allaitement et loi du travail\",\"datePublished\":\"2021-09-07T07:51:11+00:00\",\"dateModified\":\"2021-09-07T10:09:01+00:00\",\"mainEntityOfPage\":{\"@id\":\"https:\/\/amamantra.com\/allaitement-et-loi-du-travail\/\"},\"wordCount\":339,\"commentCount\":0,\"publisher\":{\"@id\":\"https:\/\/amamantra.com\/#organization\"},\"image\":{\"@id\":\"https:\/\/amamantra.com\/allaitement-et-loi-du-travail\/#primaryimage\"},\"thumbnailUrl\":\"https:\/\/amamantra.com\/wp-content\/uploads\/2021\/09\/Capture-de\u0301cran-2021-09-06-a\u0300-14.05.34-1.png\",\"articleSection\":[\"Petits conseils\"],\"inLanguage\":\"fr-FR\",\"potentialAction\":[{\"@type\":\"CommentAction\",\"name\":\"Comment\",\"target\":[\"https:\/\/amamantra.com\/allaitement-et-loi-du-travail\/#respond\"]}]},{\"@type\":\"WebPage\",\"@id\":\"https:\/\/amamantra.com\/allaitement-et-loi-du-travail\/\",\"url\":\"https:\/\/amamantra.com\/allaitement-et-loi-du-travail\/\",\"name\":\"Allaitement et loi du travail - Amamantra\",\"isPartOf\":{\"@id\":\"https:\/\/amamantra.com\/#website\"},\"primaryImageOfPage\":{\"@id\":\"https:\/\/amamantra.com\/allaitement-et-loi-du-travail\/#primaryimage\"},\"image\":{\"@id\":\"https:\/\/amamantra.com\/allaitement-et-loi-du-travail\/#primaryimage\"},\"thumbnailUrl\":\"https:\/\/amamantra.com\/wp-content\/uploads\/2021\/09\/Capture-de\u0301cran-2021-09-06-a\u0300-14.05.34-1.png\",\"datePublished\":\"2021-09-07T07:51:11+00:00\",\"dateModified\":\"2021-09-07T10:09:01+00:00\",\"breadcrumb\":{\"@id\":\"https:\/\/amamantra.com\/allaitement-et-loi-du-travail\/#breadcrumb\"},\"inLanguage\":\"fr-FR\",\"potentialAction\":[{\"@type\":\"ReadAction\",\"target\":[\"https:\/\/amamantra.com\/allaitement-et-loi-du-travail\/\"]}]},{\"@type\":\"ImageObject\",\"inLanguage\":\"fr-FR\",\"@id\":\"https:\/\/amamantra.com\/allaitement-et-loi-du-travail\/#primaryimage\",\"url\":\"https:\/\/amamantra.com\/wp-content\/uploads\/2021\/09\/Capture-de\u0301cran-2021-09-06-a\u0300-14.05.34-1.png\",\"contentUrl\":\"https:\/\/amamantra.com\/wp-content\/uploads\/2021\/09\/Capture-de\u0301cran-2021-09-06-a\u0300-14.05.34-1.png\",\"width\":639,\"height\":491},{\"@type\":\"BreadcrumbList\",\"@id\":\"https:\/\/amamantra.com\/allaitement-et-loi-du-travail\/#breadcrumb\",\"itemListElement\":[{\"@type\":\"ListItem\",\"position\":1,\"name\":\"Accueil\",\"item\":\"https:\/\/amamantra.com\/\"},{\"@type\":\"ListItem\",\"position\":2,\"name\":\"Allaitement et loi du travail\"}]},{\"@type\":\"WebSite\",\"@id\":\"https:\/\/amamantra.com\/#website\",\"url\":\"https:\/\/amamantra.com\/\",\"name\":\"Amamantra\",\"description\":\"V\u00eatements de confort pour mamans allaitantes\",\"publisher\":{\"@id\":\"https:\/\/amamantra.com\/#organization\"},\"potentialAction\":[{\"@type\":\"SearchAction\",\"target\":{\"@type\":\"EntryPoint\",\"urlTemplate\":\"https:\/\/amamantra.com\/?s={search_term_string}\"},\"query-input\":\"required name=search_term_string\"}],\"inLanguage\":\"fr-FR\"},{\"@type\":\"Organization\",\"@id\":\"https:\/\/amamantra.com\/#organization\",\"name\":\"Amamantra\",\"url\":\"https:\/\/amamantra.com\/\",\"logo\":{\"@type\":\"ImageObject\",\"inLanguage\":\"fr-FR\",\"@id\":\"https:\/\/amamantra.com\/#\/schema\/logo\/image\/\",\"url\":\"https:\/\/amamantra.com\/wp-content\/uploads\/2021\/04\/logo-amamantra.jpg\",\"contentUrl\":\"https:\/\/amamantra.com\/wp-content\/uploads\/2021\/04\/logo-amamantra.jpg\",\"width\":313,\"height\":79,\"caption\":\"Amamantra\"},\"image\":{\"@id\":\"https:\/\/amamantra.com\/#\/schema\/logo\/image\/\"}},{\"@type\":\"Person\",\"@id\":\"https:\/\/amamantra.com\/#\/schema\/person\/40d04295eb7d3b8b374e72c4d498312e\",\"name\":\"Pauline Babilotte\",\"image\":{\"@type\":\"ImageObject\",\"inLanguage\":\"fr-FR\",\"@id\":\"https:\/\/amamantra.com\/#\/schema\/person\/image\/\",\"url\":\"https:\/\/secure.gravatar.com\/avatar\/13f0d8e091d9f2f35ca88243f8d05bd1?s=96&d=mm&r=g\",\"contentUrl\":\"https:\/\/secure.gravatar.com\/avatar\/13f0d8e091d9f2f35ca88243f8d05bd1?s=96&d=mm&r=g\",\"caption\":\"Pauline Babilotte\"}}]}<\/script>\n<!-- \/ Yoast SEO plugin. -->","yoast_head_json":{"title":"Allaitement et loi du travail - Amamantra","robots":{"index":"index","follow":"follow","max-snippet":"max-snippet:-1","max-image-preview":"max-image-preview:large","max-video-preview":"max-video-preview:-1"},"canonical":"https:\/\/amamantra.com\/allaitement-et-loi-du-travail\/","og_locale":"fr_FR","og_type":"article","og_title":"Allaitement et loi du travail - Amamantra","og_description":"C&#8217;est un sujet qui fait parler de lui, est-ce que l&#8217;allaitement peut ce combiner avec notre quotidien de femmes actives ? Selon la Loi du Travail, en tant que salari\u00e9e, vous pouvez tirer votre lait durant vos heures de travail, pendant un an \u00e0 partir de la naissance votre enfant. La loi vous permet donc [&hellip;]","og_url":"https:\/\/amamantra.com\/allaitement-et-loi-du-travail\/","og_site_name":"Amamantra","article_published_time":"2021-09-07T07:51:11+00:00","article_modified_time":"2021-09-07T10:09:01+00:00","og_image":[{"width":639,"height":491,"url":"https:\/\/amamantra.com\/wp-content\/uploads\/2021\/09\/Capture-de\u0301cran-2021-09-06-a\u0300-14.05.34-1.png","type":"image\/png"}],"author":"Pauline Babilotte","twitter_card":"summary_large_image","twitter_misc":{"\u00c9crit par":"Pauline Babilotte","Dur\u00e9e de lecture estim\u00e9e":"2 minutes"},"schema":{"@context":"https:\/\/schema.org","@graph":[{"@type":"Article","@id":"https:\/\/amamantra.com\/allaitement-et-loi-du-travail\/#article","isPartOf":{"@id":"https:\/\/amamantra.com\/allaitement-et-loi-du-travail\/"},"author":{"name":"Pauline Babilotte","@id":"https:\/\/amamantra.com\/#\/schema\/person\/40d04295eb7d3b8b374e72c4d498312e"},"headline":"Allaitement et loi du travail","datePublished":"2021-09-07T07:51:11+00:00","dateModified":"2021-09-07T10:09:01+00:00","mainEntityOfPage":{"@id":"https:\/\/amamantra.com\/allaitement-et-loi-du-travail\/"},"wordCount":339,"commentCount":0,"publisher":{"@id":"https:\/\/amamantra.com\/#organization"},"image":{"@id":"https:\/\/amamantra.com\/allaitement-et-loi-du-travail\/#primaryimage"},"thumbnailUrl":"https:\/\/amamantra.com\/wp-content\/uploads\/2021\/09\/Capture-de\u0301cran-2021-09-06-a\u0300-14.05.34-1.png","articleSection":["Petits conseils"],"inLanguage":"fr-FR","potentialAction":[{"@type":"CommentAction","name":"Comment","target":["https:\/\/amamantra.com\/allaitement-et-loi-du-travail\/#respond"]}]},{"@type":"WebPage","@id":"https:\/\/amamantra.com\/allaitement-et-loi-du-travail\/","url":"https:\/\/amamantra.com\/allaitement-et-loi-du-travail\/","name":"Allaitement et loi du travail - Amamantra","isPartOf":{"@id":"https:\/\/amamantra.com\/#website"},"primaryImageOfPage":{"@id":"https:\/\/amamantra.com\/allaitement-et-loi-du-travail\/#primaryimage"},"image":{"@id":"https:\/\/amamantra.com\/allaitement-et-loi-du-travail\/#primaryimage"},"thumbnailUrl":"https:\/\/amamantra.com\/wp-content\/uploads\/2021\/09\/Capture-de\u0301cran-2021-09-06-a\u0300-14.05.34-1.png","datePublished":"2021-09-07T07:51:11+00:00","dateModified":"2021-09-07T10:09:01+00:00","breadcrumb":{"@id":"https:\/\/amamantra.com\/allaitement-et-loi-du-travail\/#breadcrumb"},"inLanguage":"fr-FR","potentialAction":[{"@type":"ReadAction","target":["https:\/\/amamantra.com\/allaitement-et-loi-du-travail\/"]}]},{"@type":"ImageObject","inLanguage":"fr-FR","@id":"https:\/\/amamantra.com\/allaitement-et-loi-du-travail\/#primaryimage","url":"https:\/\/amamantra.com\/wp-content\/uploads\/2021\/09\/Capture-de\u0301cran-2021-09-06-a\u0300-14.05.34-1.png","contentUrl":"https:\/\/amamantra.com\/wp-content\/uploads\/2021\/09\/Capture-de\u0301cran-2021-09-06-a\u0300-14.05.34-1.png","width":639,"height":491},{"@type":"BreadcrumbList","@id":"https:\/\/amamantra.com\/allaitement-et-loi-du-travail\/#breadcrumb","itemListElement":[{"@type":"ListItem","position":1,"name":"Accueil","item":"https:\/\/amamantra.com\/"},{"@type":"ListItem","position":2,"name":"Allaitement et loi du travail"}]},{"@type":"WebSite","@id":"https:\/\/amamantra.com\/#website","url":"https:\/\/amamantra.com\/","name":"Amamantra","description":"V\u00eatements de confort pour mamans allaitantes","publisher":{"@id":"https:\/\/amamantra.com\/#organization"},"potentialAction":[{"@type":"SearchAction","target":{"@type":"EntryPoint","urlTemplate":"https:\/\/amamantra.com\/?s={search_term_string}"},"query-input":"required name=search_term_string"}],"inLanguage":"fr-FR"},{"@type":"Organization","@id":"https:\/\/amamantra.com\/#organization","name":"Amamantra","url":"https:\/\/amamantra.com\/","logo":{"@type":"ImageObject","inLanguage":"fr-FR","@id":"https:\/\/amamantra.com\/#\/schema\/logo\/image\/","url":"https:\/\/amamantra.com\/wp-content\/uploads\/2021\/04\/logo-amamantra.jpg","contentUrl":"https:\/\/amamantra.com\/wp-content\/uploads\/2021\/04\/logo-amamantra.jpg","width":313,"height":79,"caption":"Amamantra"},"image":{"@id":"https:\/\/amamantra.com\/#\/schema\/logo\/image\/"}},{"@type":"Person","@id":"https:\/\/amamantra.com\/#\/schema\/person\/40d04295eb7d3b8b374e72c4d498312e","name":"Pauline Babilotte","image":{"@type":"ImageObject","inLanguage":"fr-FR","@id":"https:\/\/amamantra.com\/#\/schema\/person\/image\/","url":"https:\/\/secure.gravatar.com\/avatar\/13f0d8e091d9f2f35ca88243f8d05bd1?s=96&d=mm&r=g","contentUrl":"https:\/\/secure.gravatar.com\/avatar\/13f0d8e091d9f2f35ca88243f8d05bd1?s=96&d=mm&r=g","caption":"Pauline Babilotte"}}]}},"lang":"fr","translations":{"fr":800},"pll_sync_post":[],"_links":{"self":[{"href":"https:\/\/amamantra.com\/wp-json\/wp\/v2\/posts\/800"}],"collection":[{"href":"https:\/\/amamantra.com\/wp-json\/wp\/v2\/posts"}],"about":[{"href":"https:\/\/amamantra.com\/wp-json\/wp\/v2\/types\/post"}],"author":[{"embeddable":true,"href":"https:\/\/amamantra.com\/wp-json\/wp\/v2\/users\/2"}],"replies":[{"embeddable":true,"href":"https:\/\/amamantra.com\/wp-json\/wp\/v2\/comments?post=800"}],"version-history":[{"count":0,"href":"https:\/\/amamantra.com\/wp-json\/wp\/v2\/posts\/800\/revisions"}],"wp:featuredmedia":[{"embeddable":true,"href":"https:\/\/amamantra.com\/wp-json\/wp\/v2\/media\/807"}],"wp:attachment":[{"href":"https:\/\/amamantra.com\/wp-json\/wp\/v2\/media?parent=800"}],"wp:term":[{"taxonomy":"category","embeddable":true,"href":"https:\/\/amamantra.com\/wp-json\/wp\/v2\/categories?post=800"},{"taxonomy":"post_tag","embeddable":true,"href":"https:\/\/amamantra.com\/wp-json\/wp\/v2\/tags?post=800"}],"curies":[{"name":"wp","href":"https:\/\/api.w.org\/{rel}","templated":true}]}}