{"id":860,"date":"2021-10-07T10:48:44","date_gmt":"2021-10-07T08:48:44","guid":{"rendered":"https:\/\/amamantra.com\/?p=860"},"modified":"2021-12-09T10:32:45","modified_gmt":"2021-12-09T09:32:45","slug":"recit-accouchement","status":"publish","type":"post","link":"https:\/\/amamantra.com\/recit-accouchement\/","title":{"rendered":"R\u00e9cit d&#8217;accouchement"},"content":{"rendered":"\r\n\r\n\t<p><strong>Synopsis .<\/strong><\/p>\r\n<p>Je vais vous parler de mon troisi\u00e8me accouchement (enfantement je pr\u00e9f\u00e8re dire aujourd&#8217;hui), l&#8217;arriv\u00e9e de notre petit gar\u00e7on qui est n\u00e9 le 14 Juillet.<\/p>\r\n<p>Je vais essayer de vous le compter comme une belle histoire, mon histoire, son histoire, la notre finalement, celle de notre couple, de notre amour, de notre famille, celle qui fait de nous une nouvelle fois des parents combl\u00e9s.<\/p>\r\n<p>J&#8217;ai h\u00e9sit\u00e9 \u00e0 parler de ce dernier accouchement. Je ressens \u00e9norm\u00e9ment de fiert\u00e9 et j&#8217;ai envie de vous transmettre aux autres femmes\/couples la confiance que j&#8217;ai ressenti et la beaut\u00e9 de ce moment, et \u00e0 la fois j&#8217;ai envie de le garder pour moi avec beaucoup de pudeur, comme si cela pouvait faire perdurer ces sentiments et ces souvenirs aussi pr\u00e9cieux qu&#8217;un tr\u00e9sor.<\/p>\r\n<p>Apr\u00e8s une exp\u00e9rience comme celle-ci, on se sent incroyablement forte. Une sensation que je voudrais ne jamais oublier.<\/p>\r\n<p><b>Chapitre 1<\/b><\/p>\r\n<p>Les contractions irr\u00e9guli\u00e8res avaient commenc\u00e9s depuis plusieurs jours d\u00e9j\u00e0 et continuaient de se r\u00e9p\u00e9ter toutes la journ\u00e9e.<\/p>\r\n<p>Je me suis lev\u00e9e fatigu\u00e9e, j&#8217;ai eu besoin d&#8217;aide pour pouvoir me reposer ce jour l\u00e0 et pour garder mes deux grandes, me recentrer sur moi.<\/p>\r\n<p>Le \u00ab\u00a0vrai\u00a0\u00bb du travail a r\u00e9ellement commenc\u00e9 le soir sur un rythme plus r\u00e9gulier et plus fort vers 22h00-22h30. J&#8217;\u00e9tais encore tout \u00e0 fait lucide \u00e0 ce moment l\u00e0, mais je commen\u00e7ais \u00e0 avoir besoin de souffler et me mettre dans ma bulle \u00e0 chaque contraction.<\/p>\r\n<p>J&#8217;ai d\u00e9cid\u00e9 d&#8217;accompagner Louis mon conjoint, pour promener notre chien. \u00c7a semble b\u00eate mais j&#8217;avais besoin de prendre l&#8217;air et de bouger, j&#8217;avais besoin de continuer a \u00eatre mobile.<\/p>\r\n<p>Vers 23h-23h15, ma maman qui \u00e9tait venue m&#8217;aider et qui est rest\u00e9e au vu de mon \u00e9tat, est partie se coucher pour nous laisser notre intimit\u00e9.<\/p>\r\n<p>J&#8217;ai pris mon ballon, et j&#8217;ai essay\u00e9 de continu\u00e9 d&#8217;\u00eatre en mouvement. Mais les contractions commen\u00e7aient \u00e0 s&#8217;intensifier, et a se faire puissantes.<\/p>\r\n<p>Je n&#8217;ai pas du tout chronom\u00e9tr\u00e9 les contractions et chercher \u00e0 savoir o\u00f9 j&#8217;en \u00e9tais dans les \u00e9tapes de mon accouchement. J&#8217;\u00e9tais dans l&#8217;instant pr\u00e9sent, je quittais la r\u00e9alit\u00e9.<\/p>\r\n<p>J&#8217;ai essay\u00e9 d&#8217;\u00eatre actrice de mon accouchement \u00e0 chaque \u00e9tape et pr\u00e9sente pour accueillir mon fils.<\/p>\r\n<p>J&#8217;ai appel\u00e9 mon b\u00e9b\u00e9 \u00e0 plusieurs reprises.<\/p>\r\n<p>La poche des eaux \u00e9clate apr\u00e8s quelques minutes.<\/p>\r\n<p>\u00c7a annonce rapidement le sommet. J&#8217;arrive au plus dur de mon accouchement je le sais. Mais Louis est l\u00e0, je peux compter sur son calme et sa s\u00e9r\u00e9nit\u00e9. Je le trouve doux, confiant. C&#8217;est mon pilier. J&#8217;ai tellement besoin de lui pour supporter l&#8217;immensit\u00e9 de ce moment.<\/p>\r\n<p>Le sommet (aussi appel\u00e9 phase de d\u00e9sesp\u00e9rance) a \u00e9t\u00e9 une \u00e9tape tr\u00e8s difficile \u00e0 passer pour moi car tr\u00e8s intense, et tr\u00e8s puissante. Je l&#8217;avais moins v\u00e9cu pour Alma avec la naissance dans la voiture. A la maison c&#8217;est calme, je suis face \u00e0 toi m\u00eame, face \u00e0 mes peurs et je ne peux pas faire abstraction. Je suis oblig\u00e9e de vivre cette \u00e9tape sans distraction. Mais \u00e0 nouveau, je suis soutenue par Louis qui est toujours aussi s\u00e9curisant et rassurant.\u00a0<\/p>\r\n<p>Je suis pourtant en train de d\u00e9lirer, je cris, je pleure, je lui dis tout ce qui me passe par la t\u00eate sans vraiment le penser, je suis incoh\u00e9rente&#8230; Je crois m\u00eame l&#8217;avoir mordu, \u00e0 deux reprises, faudra quand m\u00eame que je lui demande&#8230;<\/p>\r\n<p>Heureusement, il y \u00e9tait pr\u00e9parer (bon, pas a \u00eatre mordu certes&#8230;)<\/p>\r\n<p>Je profite de chaque break entre les contractions, comme un \u00e9vanouissement. Comme un profond sommeil.<\/p>\r\n<p>Alma se r\u00e9veille car elle est malade. Elle pleure, elle aimerait que je vienne. Mais en plein sommet je ne peux plus bouger, je suis t\u00e9tanis\u00e9e, je ne suis plus ma\u00eetre de mon corps. J&#8217;ai du mal c\u00e9der pourtant, j&#8217;appr\u00e9hende un peu les contractions quand je les sens revenir.<\/p>\r\n<p>Maman vient la rejoindre pour lire et l&#8217;apaiser, lui expliquer ce qu&#8217;il se passe en bas. Louis prend le temps aussi de trouver les mots et elle attend calmement. J&#8217;imagine qu&#8217;elle comprend.<\/p>\r\n<p>Elle va rester \u00e9veill\u00e9e jusqu&#8217;\u00e0 la fin de mon accouchement et viendra ensuite rencontrer son petit fr\u00e8re.<\/p>\r\n<p><strong>Chapitre 2<\/strong><\/p>\r\n<p>J&#8217;ai l&#8217;impression de m&#8217;\u00eatre comme endormie dans un profond sommeil, presque \u00e9vanouie, de m&#8217;\u00eatre envol\u00e9e. Quelque chose me ram\u00e8ne dans la r\u00e9alit\u00e9 ou au moins dans mon corps. Je suis \u00e9veill\u00e9e, je suis r\u00e9veill\u00e9e. Une violente sensation, une envie irr\u00e9pressible de pousser.<\/p>\r\n<p>Elle est l\u00e0, cette sensation que je n&#8217;avais encore jamais rencontr\u00e9e, j&#8217;en avais bien sur entendu parler, je l&#8217;avais envisag\u00e9e mais jamais exp\u00e9riment\u00e9e.<\/p>\r\n<p>Pour vous donner une id\u00e9e mon b\u00e9b\u00e9 fait 700grammes de plus de ses s\u0153urs. Donc les sensations qui me traversent, me transpercent \u00e0 ce moment l\u00e0 sont pour moi toutes nouvelles. La pouss\u00e9e va \u00eatre une nouvelle fois une exp\u00e9rience intense et violente, \u00e9prouvante physiquement. Je vis un marathon, je vis une exp\u00e9rience physique et \u00e9motionnelle in\u00e9galable.<\/p>\r\n<p>J&#8217;appelle mon fils, j&#8217;ai envie de le voir, de l&#8217;avoir dans mes bras et je suis \u00e9puis\u00e9e presque agac\u00e9e. Je suis tr\u00e8s mal install\u00e9e et je me crispe trop ! Je n&#8217;arrive pas a l\u00e2cher prise autant que j&#8217;aurais aim\u00e9 car cette sensation si intense, immense, puissante, ce sentiment de pesanteur et de d\u00e9chirement me d\u00e9passe, me submerge.<\/p>\r\n<p>Louis ressent que cette posture bloque et que \u00e7a n&#8217;avance pas comme \u00e7a devrait. Alors il me guide et me conseille, il m&#8217;invite \u00e0 changer l\u00e9g\u00e8rement de position, il est toujours l\u00e0, \u00e0 mes c\u00f4t\u00e9s, serein, calme et apaisant&#8230; alors que les murs de notre maison tremblent de mes cris.<\/p>\r\n<p>Je ne peux m&#8217;emp\u00eacher de toucher voir si mon b\u00e9b\u00e9 est l\u00e0, c&#8217;est animal, c&#8217;est instinctif. Je pense que le fait de savoir que mon b\u00e9b\u00e9 descend m&#8217;aide a \u00eatre encore plus d\u00e9termin\u00e9e et investie. Est il est proche ? Oui, c&#8217;est bient\u00f4t la rencontre. Je sais que quand la t\u00eate va couronner il va falloir que je souffle que je respire et que je me rel\u00e2che.<\/p>\r\n<p>Je l&#8217;ai d\u00e9j\u00e0 v\u00e9cu ce cercle de feu mais l\u00e0, un b\u00e9b\u00e9 bien plus imposant se pr\u00e9sente avec cette irr\u00e9pressible envie de pousser. Je ne peux pas me contr\u00f4ler, c&#8217;est comme l&#8217;ultime pouss\u00e9e : celle qui va lib\u00e9rer sa t\u00eate, celle qui me donne aussi la sensation de me d\u00e9chirer en deux et de br\u00fbler (je vous rassure ce n&#8217;est pas le cas).<\/p>\r\n<p><strong>Dernier chapitre\u00a0<\/strong><\/p>\r\n<p>La t\u00eate sort, petit temps pour respirer un grand coup, je r\u00e9alise qu&#8217;il est l\u00e0 et qu&#8217;il va falloir l&#8217;accueillir, le tenir comme je suis accroupie. Puis le reste de son petit corps qui sort, je le d\u00e9pose par terre sur les langes.<\/p>\r\nJe le regarde, je suis pas encore tout \u00e0 faire revenu du voyage.<br \/>\r\nC&#8217;est mon fils il est l\u00e0, tout chaud, tout visqueux, tout doux, il est 1h34, nous sommes le 14 Juillet.\r\nJe le s\u00e8che, je le serre, je pleure et j&#8217;en tremble encore d&#8217;amour.<br \/>\r\nLouis, spectateur de cette sc\u00e8ne si unique et invraisemblable dans notre salon, notre fils est l\u00e0, je sais que tout va bien, je le sens, il pleure mais quand je le prends contre moi il s&#8217;apaise. On se blottit, on se couvre, on est encore tout reli\u00e9 avec le cordon, je sens encore l&#8217;odeur de mon b\u00e9b\u00e9.\r\n<p>C&#8217;est le grand amour \u00e0 nouveau.<\/p>\r\n<p>Louis m&#8217;aide a me rallonger sur le canap\u00e9, j&#8217;ai l&#8217;impression physiquement de mettre fait rouler dessus tellement cet accouchement a \u00e9t\u00e9 intense. \u00c9motionnellement je suis pas descendue de mon paradis<\/p>\r\nMa d\u00e9livrance a \u00e9t\u00e9 comme la pr\u00e9c\u00e9dente, naturelle et douce, c&#8217;est inn\u00e9. Louis a pris soin de moi du d\u00e9but \u00e0 la fin de ce bel accouchement, du b\u00e9b\u00e9, il a g\u00e9r\u00e9 toute cette logistique derri\u00e8re que l&#8217;on ne voit pas \u00e0 l&#8217;h\u00f4pital &#8230;<br \/>\r\n\u00c7a nous a permis de pouvoir vivre cette aventure incroyable, et puis cette d\u00e9livrance sereine m\u00eame si je n&#8217;avais aucune appr\u00e9hension.\r\nNous n&#8217;avons pas souhaite coup\u00e9 le cordon et avons pr\u00e9par\u00e9 le placenta pour un b\u00e9b\u00e9 lotus.<br \/>\r\nAlma a pu ensuite venir rencontrer son petit fr\u00e8re avec ma maman, un instant magique. Rose ne s&#8217;est pas r\u00e9veill\u00e9e de la nuit, et a d\u00e9couvert son petit fr\u00e8re le lendemain matin, une belle surprise pour elle qui n&#8217;avait \u00e9tonnamment rien entendu.\r\nJe sais pas si mes mots pourront vous dirent et vous transmettre \u00e0 quel point cet accouchement \u00e9t\u00e9 une aventure incroyable, sauvage, naturelle, libre et pleine d&#8217;amour.<br \/>\r\n\u00c0 la fois si fort si puissant si intense<br \/>\r\n\u00c0 la fois si doux si fragile si merveilleux\r\n<p>Bienvenue Marceau, mon amour, mon fils, mon troisi\u00e8me b\u00e9b\u00e9.<\/p>\r\n<p>Merci \u00e0 l&#8217;homme de ma vie de m&#8217;avoir fait confiance et d&#8217;avoir \u00e9t\u00e9 \u00e0 mes c\u00f4t\u00e9s \u00e0 chaque instant.<\/p>\r\n\r\n","protected":false},"excerpt":{"rendered":"<p>Synopsis . Je vais vous parler de mon troisi\u00e8me accouchement (enfantement je pr\u00e9f\u00e8re dire aujourd&#8217;hui), l&#8217;arriv\u00e9e de notre petit gar\u00e7on qui est n\u00e9 le 14 Juillet. Je vais essayer de vous le compter comme une belle histoire, mon histoire, son histoire, la notre finalement, celle de notre couple, de notre amour, de notre famille, celle [&hellip;]<\/p>\n","protected":false},"author":2,"featured_media":1031,"comment_status":"open","ping_status":"open","sticky":false,"template":"","format":"standard","meta":{"_acf_changed":false,"inline_featured_image":false,"footnotes":""},"categories":[41],"tags":[],"acf":[],"yoast_head":"<!-- This site is optimized with the Yoast SEO plugin v22.4 - https:\/\/yoast.com\/wordpress\/plugins\/seo\/ -->\n<title>R\u00e9cit d&#039;accouchement - Amamantra<\/title>\n<meta name=\"robots\" content=\"index, follow, max-snippet:-1, max-image-preview:large, max-video-preview:-1\" \/>\n<link rel=\"canonical\" href=\"https:\/\/amamantra.com\/recit-accouchement\/\" \/>\n<meta property=\"og:locale\" content=\"fr_FR\" \/>\n<meta property=\"og:type\" content=\"article\" \/>\n<meta property=\"og:title\" content=\"R\u00e9cit d&#039;accouchement - Amamantra\" \/>\n<meta property=\"og:description\" content=\"Synopsis . Je vais vous parler de mon troisi\u00e8me accouchement (enfantement je pr\u00e9f\u00e8re dire aujourd&#8217;hui), l&#8217;arriv\u00e9e de notre petit gar\u00e7on qui est n\u00e9 le 14 Juillet. Je vais essayer de vous le compter comme une belle histoire, mon histoire, son histoire, la notre finalement, celle de notre couple, de notre amour, de notre famille, celle [&hellip;]\" \/>\n<meta property=\"og:url\" content=\"https:\/\/amamantra.com\/recit-accouchement\/\" \/>\n<meta property=\"og:site_name\" content=\"Amamantra\" \/>\n<meta property=\"article:published_time\" content=\"2021-10-07T08:48:44+00:00\" \/>\n<meta property=\"article:modified_time\" content=\"2021-12-09T09:32:45+00:00\" \/>\n<meta property=\"og:image\" content=\"https:\/\/amamantra.com\/wp-content\/uploads\/2021\/10\/recit-daccouchement.jpg\" \/>\n\t<meta property=\"og:image:width\" content=\"802\" \/>\n\t<meta property=\"og:image:height\" content=\"800\" \/>\n\t<meta property=\"og:image:type\" content=\"image\/jpeg\" \/>\n<meta name=\"author\" content=\"Pauline Babilotte\" \/>\n<meta name=\"twitter:card\" content=\"summary_large_image\" \/>\n<meta name=\"twitter:label1\" content=\"\u00c9crit par\" \/>\n\t<meta name=\"twitter:data1\" content=\"Pauline Babilotte\" \/>\n\t<meta name=\"twitter:label2\" content=\"Dur\u00e9e de lecture estim\u00e9e\" \/>\n\t<meta name=\"twitter:data2\" content=\"8 minutes\" \/>\n<script type=\"application\/ld+json\" class=\"yoast-schema-graph\">{\"@context\":\"https:\/\/schema.org\",\"@graph\":[{\"@type\":\"Article\",\"@id\":\"https:\/\/amamantra.com\/recit-accouchement\/#article\",\"isPartOf\":{\"@id\":\"https:\/\/amamantra.com\/recit-accouchement\/\"},\"author\":{\"name\":\"Pauline Babilotte\",\"@id\":\"https:\/\/amamantra.com\/#\/schema\/person\/40d04295eb7d3b8b374e72c4d498312e\"},\"headline\":\"R\u00e9cit d&#8217;accouchement\",\"datePublished\":\"2021-10-07T08:48:44+00:00\",\"dateModified\":\"2021-12-09T09:32:45+00:00\",\"mainEntityOfPage\":{\"@id\":\"https:\/\/amamantra.com\/recit-accouchement\/\"},\"wordCount\":1524,\"commentCount\":0,\"publisher\":{\"@id\":\"https:\/\/amamantra.com\/#organization\"},\"image\":{\"@id\":\"https:\/\/amamantra.com\/recit-accouchement\/#primaryimage\"},\"thumbnailUrl\":\"https:\/\/amamantra.com\/wp-content\/uploads\/2021\/10\/recit-daccouchement.jpg\",\"articleSection\":[\"Petits conseils\"],\"inLanguage\":\"fr-FR\",\"potentialAction\":[{\"@type\":\"CommentAction\",\"name\":\"Comment\",\"target\":[\"https:\/\/amamantra.com\/recit-accouchement\/#respond\"]}]},{\"@type\":\"WebPage\",\"@id\":\"https:\/\/amamantra.com\/recit-accouchement\/\",\"url\":\"https:\/\/amamantra.com\/recit-accouchement\/\",\"name\":\"R\u00e9cit d'accouchement - Amamantra\",\"isPartOf\":{\"@id\":\"https:\/\/amamantra.com\/#website\"},\"primaryImageOfPage\":{\"@id\":\"https:\/\/amamantra.com\/recit-accouchement\/#primaryimage\"},\"image\":{\"@id\":\"https:\/\/amamantra.com\/recit-accouchement\/#primaryimage\"},\"thumbnailUrl\":\"https:\/\/amamantra.com\/wp-content\/uploads\/2021\/10\/recit-daccouchement.jpg\",\"datePublished\":\"2021-10-07T08:48:44+00:00\",\"dateModified\":\"2021-12-09T09:32:45+00:00\",\"breadcrumb\":{\"@id\":\"https:\/\/amamantra.com\/recit-accouchement\/#breadcrumb\"},\"inLanguage\":\"fr-FR\",\"potentialAction\":[{\"@type\":\"ReadAction\",\"target\":[\"https:\/\/amamantra.com\/recit-accouchement\/\"]}]},{\"@type\":\"ImageObject\",\"inLanguage\":\"fr-FR\",\"@id\":\"https:\/\/amamantra.com\/recit-accouchement\/#primaryimage\",\"url\":\"https:\/\/amamantra.com\/wp-content\/uploads\/2021\/10\/recit-daccouchement.jpg\",\"contentUrl\":\"https:\/\/amamantra.com\/wp-content\/uploads\/2021\/10\/recit-daccouchement.jpg\",\"width\":802,\"height\":800},{\"@type\":\"BreadcrumbList\",\"@id\":\"https:\/\/amamantra.com\/recit-accouchement\/#breadcrumb\",\"itemListElement\":[{\"@type\":\"ListItem\",\"position\":1,\"name\":\"Accueil\",\"item\":\"https:\/\/amamantra.com\/\"},{\"@type\":\"ListItem\",\"position\":2,\"name\":\"R\u00e9cit d&#8217;accouchement\"}]},{\"@type\":\"WebSite\",\"@id\":\"https:\/\/amamantra.com\/#website\",\"url\":\"https:\/\/amamantra.com\/\",\"name\":\"Amamantra\",\"description\":\"V\u00eatements de confort pour mamans allaitantes\",\"publisher\":{\"@id\":\"https:\/\/amamantra.com\/#organization\"},\"potentialAction\":[{\"@type\":\"SearchAction\",\"target\":{\"@type\":\"EntryPoint\",\"urlTemplate\":\"https:\/\/amamantra.com\/?s={search_term_string}\"},\"query-input\":\"required name=search_term_string\"}],\"inLanguage\":\"fr-FR\"},{\"@type\":\"Organization\",\"@id\":\"https:\/\/amamantra.com\/#organization\",\"name\":\"Amamantra\",\"url\":\"https:\/\/amamantra.com\/\",\"logo\":{\"@type\":\"ImageObject\",\"inLanguage\":\"fr-FR\",\"@id\":\"https:\/\/amamantra.com\/#\/schema\/logo\/image\/\",\"url\":\"https:\/\/amamantra.com\/wp-content\/uploads\/2021\/04\/logo-amamantra.jpg\",\"contentUrl\":\"https:\/\/amamantra.com\/wp-content\/uploads\/2021\/04\/logo-amamantra.jpg\",\"width\":313,\"height\":79,\"caption\":\"Amamantra\"},\"image\":{\"@id\":\"https:\/\/amamantra.com\/#\/schema\/logo\/image\/\"}},{\"@type\":\"Person\",\"@id\":\"https:\/\/amamantra.com\/#\/schema\/person\/40d04295eb7d3b8b374e72c4d498312e\",\"name\":\"Pauline Babilotte\",\"image\":{\"@type\":\"ImageObject\",\"inLanguage\":\"fr-FR\",\"@id\":\"https:\/\/amamantra.com\/#\/schema\/person\/image\/\",\"url\":\"https:\/\/secure.gravatar.com\/avatar\/13f0d8e091d9f2f35ca88243f8d05bd1?s=96&d=mm&r=g\",\"contentUrl\":\"https:\/\/secure.gravatar.com\/avatar\/13f0d8e091d9f2f35ca88243f8d05bd1?s=96&d=mm&r=g\",\"caption\":\"Pauline Babilotte\"}}]}<\/script>\n<!-- \/ Yoast SEO plugin. -->","yoast_head_json":{"title":"R\u00e9cit d'accouchement - Amamantra","robots":{"index":"index","follow":"follow","max-snippet":"max-snippet:-1","max-image-preview":"max-image-preview:large","max-video-preview":"max-video-preview:-1"},"canonical":"https:\/\/amamantra.com\/recit-accouchement\/","og_locale":"fr_FR","og_type":"article","og_title":"R\u00e9cit d'accouchement - Amamantra","og_description":"Synopsis . Je vais vous parler de mon troisi\u00e8me accouchement (enfantement je pr\u00e9f\u00e8re dire aujourd&#8217;hui), l&#8217;arriv\u00e9e de notre petit gar\u00e7on qui est n\u00e9 le 14 Juillet. Je vais essayer de vous le compter comme une belle histoire, mon histoire, son histoire, la notre finalement, celle de notre couple, de notre amour, de notre famille, celle [&hellip;]","og_url":"https:\/\/amamantra.com\/recit-accouchement\/","og_site_name":"Amamantra","article_published_time":"2021-10-07T08:48:44+00:00","article_modified_time":"2021-12-09T09:32:45+00:00","og_image":[{"width":802,"height":800,"url":"https:\/\/amamantra.com\/wp-content\/uploads\/2021\/10\/recit-daccouchement.jpg","type":"image\/jpeg"}],"author":"Pauline Babilotte","twitter_card":"summary_large_image","twitter_misc":{"\u00c9crit par":"Pauline Babilotte","Dur\u00e9e de lecture estim\u00e9e":"8 minutes"},"schema":{"@context":"https:\/\/schema.org","@graph":[{"@type":"Article","@id":"https:\/\/amamantra.com\/recit-accouchement\/#article","isPartOf":{"@id":"https:\/\/amamantra.com\/recit-accouchement\/"},"author":{"name":"Pauline Babilotte","@id":"https:\/\/amamantra.com\/#\/schema\/person\/40d04295eb7d3b8b374e72c4d498312e"},"headline":"R\u00e9cit d&#8217;accouchement","datePublished":"2021-10-07T08:48:44+00:00","dateModified":"2021-12-09T09:32:45+00:00","mainEntityOfPage":{"@id":"https:\/\/amamantra.com\/recit-accouchement\/"},"wordCount":1524,"commentCount":0,"publisher":{"@id":"https:\/\/amamantra.com\/#organization"},"image":{"@id":"https:\/\/amamantra.com\/recit-accouchement\/#primaryimage"},"thumbnailUrl":"https:\/\/amamantra.com\/wp-content\/uploads\/2021\/10\/recit-daccouchement.jpg","articleSection":["Petits conseils"],"inLanguage":"fr-FR","potentialAction":[{"@type":"CommentAction","name":"Comment","target":["https:\/\/amamantra.com\/recit-accouchement\/#respond"]}]},{"@type":"WebPage","@id":"https:\/\/amamantra.com\/recit-accouchement\/","url":"https:\/\/amamantra.com\/recit-accouchement\/","name":"R\u00e9cit d'accouchement - Amamantra","isPartOf":{"@id":"https:\/\/amamantra.com\/#website"},"primaryImageOfPage":{"@id":"https:\/\/amamantra.com\/recit-accouchement\/#primaryimage"},"image":{"@id":"https:\/\/amamantra.com\/recit-accouchement\/#primaryimage"},"thumbnailUrl":"https:\/\/amamantra.com\/wp-content\/uploads\/2021\/10\/recit-daccouchement.jpg","datePublished":"2021-10-07T08:48:44+00:00","dateModified":"2021-12-09T09:32:45+00:00","breadcrumb":{"@id":"https:\/\/amamantra.com\/recit-accouchement\/#breadcrumb"},"inLanguage":"fr-FR","potentialAction":[{"@type":"ReadAction","target":["https:\/\/amamantra.com\/recit-accouchement\/"]}]},{"@type":"ImageObject","inLanguage":"fr-FR","@id":"https:\/\/amamantra.com\/recit-accouchement\/#primaryimage","url":"https:\/\/amamantra.com\/wp-content\/uploads\/2021\/10\/recit-daccouchement.jpg","contentUrl":"https:\/\/amamantra.com\/wp-content\/uploads\/2021\/10\/recit-daccouchement.jpg","width":802,"height":800},{"@type":"BreadcrumbList","@id":"https:\/\/amamantra.com\/recit-accouchement\/#breadcrumb","itemListElement":[{"@type":"ListItem","position":1,"name":"Accueil","item":"https:\/\/amamantra.com\/"},{"@type":"ListItem","position":2,"name":"R\u00e9cit d&#8217;accouchement"}]},{"@type":"WebSite","@id":"https:\/\/amamantra.com\/#website","url":"https:\/\/amamantra.com\/","name":"Amamantra","description":"V\u00eatements de confort pour mamans allaitantes","publisher":{"@id":"https:\/\/amamantra.com\/#organization"},"potentialAction":[{"@type":"SearchAction","target":{"@type":"EntryPoint","urlTemplate":"https:\/\/amamantra.com\/?s={search_term_string}"},"query-input":"required name=search_term_string"}],"inLanguage":"fr-FR"},{"@type":"Organization","@id":"https:\/\/amamantra.com\/#organization","name":"Amamantra","url":"https:\/\/amamantra.com\/","logo":{"@type":"ImageObject","inLanguage":"fr-FR","@id":"https:\/\/amamantra.com\/#\/schema\/logo\/image\/","url":"https:\/\/amamantra.com\/wp-content\/uploads\/2021\/04\/logo-amamantra.jpg","contentUrl":"https:\/\/amamantra.com\/wp-content\/uploads\/2021\/04\/logo-amamantra.jpg","width":313,"height":79,"caption":"Amamantra"},"image":{"@id":"https:\/\/amamantra.com\/#\/schema\/logo\/image\/"}},{"@type":"Person","@id":"https:\/\/amamantra.com\/#\/schema\/person\/40d04295eb7d3b8b374e72c4d498312e","name":"Pauline Babilotte","image":{"@type":"ImageObject","inLanguage":"fr-FR","@id":"https:\/\/amamantra.com\/#\/schema\/person\/image\/","url":"https:\/\/secure.gravatar.com\/avatar\/13f0d8e091d9f2f35ca88243f8d05bd1?s=96&d=mm&r=g","contentUrl":"https:\/\/secure.gravatar.com\/avatar\/13f0d8e091d9f2f35ca88243f8d05bd1?s=96&d=mm&r=g","caption":"Pauline Babilotte"}}]}},"lang":"fr","translations":{"fr":860},"pll_sync_post":[],"_links":{"self":[{"href":"https:\/\/amamantra.com\/wp-json\/wp\/v2\/posts\/860"}],"collection":[{"href":"https:\/\/amamantra.com\/wp-json\/wp\/v2\/posts"}],"about":[{"href":"https:\/\/amamantra.com\/wp-json\/wp\/v2\/types\/post"}],"author":[{"embeddable":true,"href":"https:\/\/amamantra.com\/wp-json\/wp\/v2\/users\/2"}],"replies":[{"embeddable":true,"href":"https:\/\/amamantra.com\/wp-json\/wp\/v2\/comments?post=860"}],"version-history":[{"count":0,"href":"https:\/\/amamantra.com\/wp-json\/wp\/v2\/posts\/860\/revisions"}],"wp:featuredmedia":[{"embeddable":true,"href":"https:\/\/amamantra.com\/wp-json\/wp\/v2\/media\/1031"}],"wp:attachment":[{"href":"https:\/\/amamantra.com\/wp-json\/wp\/v2\/media?parent=860"}],"wp:term":[{"taxonomy":"category","embeddable":true,"href":"https:\/\/amamantra.com\/wp-json\/wp\/v2\/categories?post=860"},{"taxonomy":"post_tag","embeddable":true,"href":"https:\/\/amamantra.com\/wp-json\/wp\/v2\/tags?post=860"}],"curies":[{"name":"wp","href":"https:\/\/api.w.org\/{rel}","templated":true}]}}